{"id":113,"date":"2016-02-06T13:20:00","date_gmt":"2016-02-06T13:20:00","guid":{"rendered":"https:\/\/narcisounimog.com\/index.php\/2016\/02\/06\/isla-de-ometepe-nicaragua\/"},"modified":"2024-05-05T14:06:34","modified_gmt":"2024-05-05T14:06:34","slug":"isla-de-ometepe-nicaragua","status":"publish","type":"post","link":"https:\/\/narcisounimog.com\/index.php\/2016\/02\/06\/isla-de-ometepe-nicaragua\/","title":{"rendered":"Isla de Ometepe -Nicaragua"},"content":{"rendered":"<div dir=\"ltr\">Marted\u00ec 2 febbraio, nelle prime ore del pomeriggio, varchiamo il confine del Nicaragua. C&#8217;\u00e8 ancora qualche ora di luce per prendere il traghetto per l&#8217;Isla de Ometepe nel Lago Nicaragua, il pi\u00f9 grande lago del Centramerica. Il vento \u00e8 molto forte tanto da creare un moto ondoso importante nel lago,\u00a0 rallentando la corsa del traghetto.<\/div>\n<div style=\"clear: both; text-align: center;\"><a style=\"margin-left: 1em; margin-right: 1em;\" href=\"https:\/\/3.bp.blogspot.com\/-dPttMhjdis8\/VrXwSBhRMgI\/AAAAAAAAeLQ\/QrjMY0VbJBI\/s1600\/P1320374.JPG\"><img loading=\"lazy\" decoding=\"async\" src=\"https:\/\/3.bp.blogspot.com\/-dPttMhjdis8\/VrXwSBhRMgI\/AAAAAAAAeLQ\/QrjMY0VbJBI\/s320\/P1320374.JPG\" width=\"320\" height=\"180\" border=\"0\" \/><\/a><\/div>\n<div dir=\"ltr\"><\/div>\n<div dir=\"ltr\">\u00a0Attracchiamo che ormai \u00e8 buio e l&#8217;isola si sveler\u00e0 l&#8217;indomani in tutta la sua naturalezza e semplicit\u00e0 di vita domestica , i villaggi rustici ai bordi di piste polverose sulle sponde del lago, carretti trainati da buoi, uomini a cavallo, maiali infagati che attraversano la strada. Ma soprattutto, la presenza predominante dei due vulcani,<\/div>\n<div style=\"clear: both; text-align: center;\"><a style=\"margin-left: 1em; margin-right: 1em;\" href=\"https:\/\/2.bp.blogspot.com\/-HsRrleldr_0\/VrXxmZDtuMI\/AAAAAAAAeLU\/X_5KDqN_i_k\/s1600\/P1320361.JPG\"><img loading=\"lazy\" decoding=\"async\" src=\"https:\/\/2.bp.blogspot.com\/-HsRrleldr_0\/VrXxmZDtuMI\/AAAAAAAAeLU\/X_5KDqN_i_k\/s640\/P1320361.JPG\" width=\"640\" height=\"214\" border=\"0\" \/><\/a><\/div>\n<div dir=\"ltr\">\u00a0Concepcion, ancora attivo, e Maderas, ormai spento, con un lago pluviale all&#8217;interno del suo cratere.<\/div>\n<div dir=\"ltr\">In kayak, percorriamo un tratto di lago per addentrarci in un ramo di acqua dello stesso che si insinua tra le terre attigue, formando un rio calmo e poco profondo, habitat ideale per tartarughe che si asciugano al sole caldo del pomeriggio,<\/div>\n<div style=\"clear: both; text-align: center;\"><a style=\"margin-left: 1em; margin-right: 1em;\" href=\"https:\/\/4.bp.blogspot.com\/-bPmwtS7E4G4\/VrXw3f1N7sI\/AAAAAAAAeLQ\/zMWuz_6vZiY\/s1600\/P1320456.JPG\"><img loading=\"lazy\" decoding=\"async\" src=\"https:\/\/4.bp.blogspot.com\/-bPmwtS7E4G4\/VrXw3f1N7sI\/AAAAAAAAeLQ\/zMWuz_6vZiY\/s320\/P1320456.JPG\" width=\"320\" height=\"180\" border=\"0\" \/><\/a><\/div>\n<div dir=\"ltr\"><\/div>\n<div dir=\"ltr\">per coccodrilli immobili mimetizzati tra i rami, garze tricolore, garze tigrate , garzoni azzurri e altri specie di uccelli che zampettano tra le piante acquatiche in cerca di cibo.<\/div>\n<div style=\"clear: both; text-align: center;\"><a style=\"clear: left; float: left; margin-bottom: 1em; margin-right: 1em;\" href=\"https:\/\/1.bp.blogspot.com\/-nhGsr6D6iP0\/VrXwSPisD2I\/AAAAAAAAeLQ\/i_6_lA0eKZ4\/s1600\/P1320431.JPG\"><img loading=\"lazy\" decoding=\"async\" src=\"https:\/\/1.bp.blogspot.com\/-nhGsr6D6iP0\/VrXwSPisD2I\/AAAAAAAAeLQ\/i_6_lA0eKZ4\/s320\/P1320431.JPG\" width=\"320\" height=\"180\" border=\"0\" \/><\/a><\/div>\n<div dir=\"ltr\"><\/div>\n<div dir=\"ltr\">Gioved\u00ec 4, noleggiata una moto, decidiamo di fare il periplo dell&#8217;isola, in gran parte sterrata.<\/div>\n<div dir=\"ltr\">Ma prima, trekking alla cascata di San Ramon nascosta nella foresta, in cima ad una salita sconnessa e pietrosa. L&#8217;acqua fredda e cristallina, sebbene non troppo copiosa per la stagione secca, ci regala comunque un bagno ristoratore sotto il salto importante della cascata che precipita dall&#8217;alto di rocce nere vulcaniche.<\/div>\n<div dir=\"ltr\">E poi ancora, all&#8217;altra estremit\u00e0 dell&#8217;isola, l&#8217;Ojo de Agua, altra piscina naturale di acqua vulcanica, trasparente e tonificante, ed infine un bagno nelle fresche acque del lago a Punta Jesus Maria, sotto l&#8217;occhio vigile e austero del Vulcano Concepcion.<\/div>\n<div style=\"clear: both; text-align: center;\"><a style=\"margin-left: 1em; margin-right: 1em;\" href=\"https:\/\/4.bp.blogspot.com\/-sHF075JWpIg\/VrXwSCRw5eI\/AAAAAAAAeLQ\/PNKXsi9V8Ec\/s1600\/P1320426.JPG\"><img loading=\"lazy\" decoding=\"async\" src=\"https:\/\/4.bp.blogspot.com\/-sHF075JWpIg\/VrXwSCRw5eI\/AAAAAAAAeLQ\/PNKXsi9V8Ec\/s640\/P1320426.JPG\" width=\"640\" height=\"360\" border=\"0\" \/><\/a><\/div>\n<div dir=\"ltr\"><\/div>\n<div dir=\"ltr\"><\/div>\n<div dir=\"ltr\"><\/div>\n<div dir=\"ltr\"><\/div>\n<div><\/div>\n","protected":false},"excerpt":{"rendered":"<p>Marted\u00ec 2 febbraio, nelle prime ore del pomeriggio, varchiamo il confine del Nicaragua. C&#8217;\u00e8 ancora qualche ora di luce per prendere il traghetto per l&#8217;Isla de Ometepe nel Lago Nicaragua, il pi\u00f9 grande lago del Centramerica. Il vento \u00e8 molto forte tanto da creare un moto ondoso importante nel lago,\u00a0 rallentando la corsa del traghetto. &hellip; <\/p>\n","protected":false},"author":2,"featured_media":708,"comment_status":"open","ping_status":"open","sticky":false,"template":"","format":"standard","meta":{"footnotes":""},"categories":[1],"tags":[],"class_list":["post-113","post","type-post","status-publish","format-standard","has-post-thumbnail","hentry","category-america"],"yoast_head":"<!-- This site is optimized with the Yoast SEO plugin v22.5 - https:\/\/yoast.com\/wordpress\/plugins\/seo\/ -->\n<title>Isla de Ometepe -Nicaragua - NarcisoUnimog<\/title>\n<meta name=\"robots\" content=\"index, follow, max-snippet:-1, max-image-preview:large, max-video-preview:-1\" \/>\n<link rel=\"canonical\" href=\"https:\/\/narcisounimog.com\/index.php\/2016\/02\/06\/isla-de-ometepe-nicaragua\/\" \/>\n<meta property=\"og:locale\" content=\"it_IT\" \/>\n<meta property=\"og:type\" content=\"article\" \/>\n<meta property=\"og:title\" content=\"Isla de Ometepe -Nicaragua - NarcisoUnimog\" \/>\n<meta property=\"og:description\" content=\"Marted\u00ec 2 febbraio, nelle prime ore del pomeriggio, varchiamo il confine del Nicaragua. C&#8217;\u00e8 ancora qualche ora di luce per prendere il traghetto per l&#8217;Isla de Ometepe nel Lago Nicaragua, il pi\u00f9 grande lago del Centramerica. Il vento \u00e8 molto forte tanto da creare un moto ondoso importante nel lago,\u00a0 rallentando la corsa del traghetto. &hellip;\" \/>\n<meta property=\"og:url\" content=\"https:\/\/narcisounimog.com\/index.php\/2016\/02\/06\/isla-de-ometepe-nicaragua\/\" \/>\n<meta property=\"og:site_name\" content=\"NarcisoUnimog\" \/>\n<meta property=\"article:publisher\" content=\"https:\/\/www.facebook.com\/narciso.unimog\" \/>\n<meta property=\"article:published_time\" content=\"2016-02-06T13:20:00+00:00\" \/>\n<meta property=\"article:modified_time\" content=\"2024-05-05T14:06:34+00:00\" \/>\n<meta property=\"og:image\" content=\"https:\/\/narcisounimog.com\/wp-content\/uploads\/2016\/02\/P1320374.jpg\" \/>\n\t<meta property=\"og:image:width\" content=\"320\" \/>\n\t<meta property=\"og:image:height\" content=\"180\" \/>\n\t<meta property=\"og:image:type\" content=\"image\/jpeg\" \/>\n<meta name=\"author\" content=\"Narcisounimog\" \/>\n<meta name=\"twitter:card\" content=\"summary_large_image\" \/>\n<meta name=\"twitter:label1\" content=\"Scritto da\" \/>\n\t<meta name=\"twitter:data1\" content=\"Narcisounimog\" \/>\n\t<meta name=\"twitter:label2\" content=\"Tempo di lettura stimato\" \/>\n\t<meta name=\"twitter:data2\" content=\"3 minuti\" \/>\n<script type=\"application\/ld+json\" class=\"yoast-schema-graph\">{\"@context\":\"https:\/\/schema.org\",\"@graph\":[{\"@type\":\"Article\",\"@id\":\"https:\/\/narcisounimog.com\/index.php\/2016\/02\/06\/isla-de-ometepe-nicaragua\/#article\",\"isPartOf\":{\"@id\":\"https:\/\/narcisounimog.com\/index.php\/2016\/02\/06\/isla-de-ometepe-nicaragua\/\"},\"author\":{\"name\":\"Narcisounimog\",\"@id\":\"https:\/\/narcisounimog.com\/#\/schema\/person\/24e34e3bd13f97558c9756e86696d39b\"},\"headline\":\"Isla de Ometepe -Nicaragua\",\"datePublished\":\"2016-02-06T13:20:00+00:00\",\"dateModified\":\"2024-05-05T14:06:34+00:00\",\"mainEntityOfPage\":{\"@id\":\"https:\/\/narcisounimog.com\/index.php\/2016\/02\/06\/isla-de-ometepe-nicaragua\/\"},\"wordCount\":308,\"commentCount\":0,\"publisher\":{\"@id\":\"https:\/\/narcisounimog.com\/#organization\"},\"image\":{\"@id\":\"https:\/\/narcisounimog.com\/index.php\/2016\/02\/06\/isla-de-ometepe-nicaragua\/#primaryimage\"},\"thumbnailUrl\":\"https:\/\/narcisounimog.com\/wp-content\/uploads\/2016\/02\/P1320374.jpg\",\"articleSection\":[\"America\"],\"inLanguage\":\"it-IT\"},{\"@type\":\"WebPage\",\"@id\":\"https:\/\/narcisounimog.com\/index.php\/2016\/02\/06\/isla-de-ometepe-nicaragua\/\",\"url\":\"https:\/\/narcisounimog.com\/index.php\/2016\/02\/06\/isla-de-ometepe-nicaragua\/\",\"name\":\"Isla de Ometepe -Nicaragua - NarcisoUnimog\",\"isPartOf\":{\"@id\":\"https:\/\/narcisounimog.com\/#website\"},\"primaryImageOfPage\":{\"@id\":\"https:\/\/narcisounimog.com\/index.php\/2016\/02\/06\/isla-de-ometepe-nicaragua\/#primaryimage\"},\"image\":{\"@id\":\"https:\/\/narcisounimog.com\/index.php\/2016\/02\/06\/isla-de-ometepe-nicaragua\/#primaryimage\"},\"thumbnailUrl\":\"https:\/\/narcisounimog.com\/wp-content\/uploads\/2016\/02\/P1320374.jpg\",\"datePublished\":\"2016-02-06T13:20:00+00:00\",\"dateModified\":\"2024-05-05T14:06:34+00:00\",\"breadcrumb\":{\"@id\":\"https:\/\/narcisounimog.com\/index.php\/2016\/02\/06\/isla-de-ometepe-nicaragua\/#breadcrumb\"},\"inLanguage\":\"it-IT\",\"potentialAction\":[{\"@type\":\"ReadAction\",\"target\":[\"https:\/\/narcisounimog.com\/index.php\/2016\/02\/06\/isla-de-ometepe-nicaragua\/\"]}]},{\"@type\":\"ImageObject\",\"inLanguage\":\"it-IT\",\"@id\":\"https:\/\/narcisounimog.com\/index.php\/2016\/02\/06\/isla-de-ometepe-nicaragua\/#primaryimage\",\"url\":\"https:\/\/narcisounimog.com\/wp-content\/uploads\/2016\/02\/P1320374.jpg\",\"contentUrl\":\"https:\/\/narcisounimog.com\/wp-content\/uploads\/2016\/02\/P1320374.jpg\",\"width\":320,\"height\":180},{\"@type\":\"BreadcrumbList\",\"@id\":\"https:\/\/narcisounimog.com\/index.php\/2016\/02\/06\/isla-de-ometepe-nicaragua\/#breadcrumb\",\"itemListElement\":[{\"@type\":\"ListItem\",\"position\":1,\"name\":\"Home\",\"item\":\"https:\/\/narcisounimog.com\/\"},{\"@type\":\"ListItem\",\"position\":2,\"name\":\"Isla de Ometepe -Nicaragua\"}]},{\"@type\":\"WebSite\",\"@id\":\"https:\/\/narcisounimog.com\/#website\",\"url\":\"https:\/\/narcisounimog.com\/\",\"name\":\"NarcisoUnimog\",\"description\":\"Libera il tuo Tempo\",\"publisher\":{\"@id\":\"https:\/\/narcisounimog.com\/#organization\"},\"potentialAction\":[{\"@type\":\"SearchAction\",\"target\":{\"@type\":\"EntryPoint\",\"urlTemplate\":\"https:\/\/narcisounimog.com\/?s={search_term_string}\"},\"query-input\":\"required name=search_term_string\"}],\"inLanguage\":\"it-IT\"},{\"@type\":\"Organization\",\"@id\":\"https:\/\/narcisounimog.com\/#organization\",\"name\":\"NarcisoUnimog\",\"url\":\"https:\/\/narcisounimog.com\/\",\"logo\":{\"@type\":\"ImageObject\",\"inLanguage\":\"it-IT\",\"@id\":\"https:\/\/narcisounimog.com\/#\/schema\/logo\/image\/\",\"url\":\"https:\/\/narcisounimog.com\/wp-content\/uploads\/2024\/04\/0DA3B472-DE8A-4568-9E89-08DAF7AAC82E.jpeg\",\"contentUrl\":\"https:\/\/narcisounimog.com\/wp-content\/uploads\/2024\/04\/0DA3B472-DE8A-4568-9E89-08DAF7AAC82E.jpeg\",\"width\":1600,\"height\":567,\"caption\":\"NarcisoUnimog\"},\"image\":{\"@id\":\"https:\/\/narcisounimog.com\/#\/schema\/logo\/image\/\"},\"sameAs\":[\"https:\/\/www.facebook.com\/narciso.unimog\"]},{\"@type\":\"Person\",\"@id\":\"https:\/\/narcisounimog.com\/#\/schema\/person\/24e34e3bd13f97558c9756e86696d39b\",\"name\":\"Narcisounimog\",\"image\":{\"@type\":\"ImageObject\",\"inLanguage\":\"it-IT\",\"@id\":\"https:\/\/narcisounimog.com\/#\/schema\/person\/image\/\",\"url\":\"https:\/\/secure.gravatar.com\/avatar\/?s=96&d=mm&r=g\",\"contentUrl\":\"https:\/\/secure.gravatar.com\/avatar\/?s=96&d=mm&r=g\",\"caption\":\"Narcisounimog\"},\"url\":\"https:\/\/narcisounimog.com\/index.php\/author\/narcisounimog\/\"}]}<\/script>\n<!-- \/ Yoast SEO plugin. -->","yoast_head_json":{"title":"Isla de Ometepe -Nicaragua - NarcisoUnimog","robots":{"index":"index","follow":"follow","max-snippet":"max-snippet:-1","max-image-preview":"max-image-preview:large","max-video-preview":"max-video-preview:-1"},"canonical":"https:\/\/narcisounimog.com\/index.php\/2016\/02\/06\/isla-de-ometepe-nicaragua\/","og_locale":"it_IT","og_type":"article","og_title":"Isla de Ometepe -Nicaragua - NarcisoUnimog","og_description":"Marted\u00ec 2 febbraio, nelle prime ore del pomeriggio, varchiamo il confine del Nicaragua. C&#8217;\u00e8 ancora qualche ora di luce per prendere il traghetto per l&#8217;Isla de Ometepe nel Lago Nicaragua, il pi\u00f9 grande lago del Centramerica. Il vento \u00e8 molto forte tanto da creare un moto ondoso importante nel lago,\u00a0 rallentando la corsa del traghetto. &hellip;","og_url":"https:\/\/narcisounimog.com\/index.php\/2016\/02\/06\/isla-de-ometepe-nicaragua\/","og_site_name":"NarcisoUnimog","article_publisher":"https:\/\/www.facebook.com\/narciso.unimog","article_published_time":"2016-02-06T13:20:00+00:00","article_modified_time":"2024-05-05T14:06:34+00:00","og_image":[{"width":320,"height":180,"url":"https:\/\/narcisounimog.com\/wp-content\/uploads\/2016\/02\/P1320374.jpg","type":"image\/jpeg"}],"author":"Narcisounimog","twitter_card":"summary_large_image","twitter_misc":{"Scritto da":"Narcisounimog","Tempo di lettura stimato":"3 minuti"},"schema":{"@context":"https:\/\/schema.org","@graph":[{"@type":"Article","@id":"https:\/\/narcisounimog.com\/index.php\/2016\/02\/06\/isla-de-ometepe-nicaragua\/#article","isPartOf":{"@id":"https:\/\/narcisounimog.com\/index.php\/2016\/02\/06\/isla-de-ometepe-nicaragua\/"},"author":{"name":"Narcisounimog","@id":"https:\/\/narcisounimog.com\/#\/schema\/person\/24e34e3bd13f97558c9756e86696d39b"},"headline":"Isla de Ometepe -Nicaragua","datePublished":"2016-02-06T13:20:00+00:00","dateModified":"2024-05-05T14:06:34+00:00","mainEntityOfPage":{"@id":"https:\/\/narcisounimog.com\/index.php\/2016\/02\/06\/isla-de-ometepe-nicaragua\/"},"wordCount":308,"commentCount":0,"publisher":{"@id":"https:\/\/narcisounimog.com\/#organization"},"image":{"@id":"https:\/\/narcisounimog.com\/index.php\/2016\/02\/06\/isla-de-ometepe-nicaragua\/#primaryimage"},"thumbnailUrl":"https:\/\/narcisounimog.com\/wp-content\/uploads\/2016\/02\/P1320374.jpg","articleSection":["America"],"inLanguage":"it-IT"},{"@type":"WebPage","@id":"https:\/\/narcisounimog.com\/index.php\/2016\/02\/06\/isla-de-ometepe-nicaragua\/","url":"https:\/\/narcisounimog.com\/index.php\/2016\/02\/06\/isla-de-ometepe-nicaragua\/","name":"Isla de Ometepe -Nicaragua - NarcisoUnimog","isPartOf":{"@id":"https:\/\/narcisounimog.com\/#website"},"primaryImageOfPage":{"@id":"https:\/\/narcisounimog.com\/index.php\/2016\/02\/06\/isla-de-ometepe-nicaragua\/#primaryimage"},"image":{"@id":"https:\/\/narcisounimog.com\/index.php\/2016\/02\/06\/isla-de-ometepe-nicaragua\/#primaryimage"},"thumbnailUrl":"https:\/\/narcisounimog.com\/wp-content\/uploads\/2016\/02\/P1320374.jpg","datePublished":"2016-02-06T13:20:00+00:00","dateModified":"2024-05-05T14:06:34+00:00","breadcrumb":{"@id":"https:\/\/narcisounimog.com\/index.php\/2016\/02\/06\/isla-de-ometepe-nicaragua\/#breadcrumb"},"inLanguage":"it-IT","potentialAction":[{"@type":"ReadAction","target":["https:\/\/narcisounimog.com\/index.php\/2016\/02\/06\/isla-de-ometepe-nicaragua\/"]}]},{"@type":"ImageObject","inLanguage":"it-IT","@id":"https:\/\/narcisounimog.com\/index.php\/2016\/02\/06\/isla-de-ometepe-nicaragua\/#primaryimage","url":"https:\/\/narcisounimog.com\/wp-content\/uploads\/2016\/02\/P1320374.jpg","contentUrl":"https:\/\/narcisounimog.com\/wp-content\/uploads\/2016\/02\/P1320374.jpg","width":320,"height":180},{"@type":"BreadcrumbList","@id":"https:\/\/narcisounimog.com\/index.php\/2016\/02\/06\/isla-de-ometepe-nicaragua\/#breadcrumb","itemListElement":[{"@type":"ListItem","position":1,"name":"Home","item":"https:\/\/narcisounimog.com\/"},{"@type":"ListItem","position":2,"name":"Isla de Ometepe -Nicaragua"}]},{"@type":"WebSite","@id":"https:\/\/narcisounimog.com\/#website","url":"https:\/\/narcisounimog.com\/","name":"NarcisoUnimog","description":"Libera il tuo Tempo","publisher":{"@id":"https:\/\/narcisounimog.com\/#organization"},"potentialAction":[{"@type":"SearchAction","target":{"@type":"EntryPoint","urlTemplate":"https:\/\/narcisounimog.com\/?s={search_term_string}"},"query-input":"required name=search_term_string"}],"inLanguage":"it-IT"},{"@type":"Organization","@id":"https:\/\/narcisounimog.com\/#organization","name":"NarcisoUnimog","url":"https:\/\/narcisounimog.com\/","logo":{"@type":"ImageObject","inLanguage":"it-IT","@id":"https:\/\/narcisounimog.com\/#\/schema\/logo\/image\/","url":"https:\/\/narcisounimog.com\/wp-content\/uploads\/2024\/04\/0DA3B472-DE8A-4568-9E89-08DAF7AAC82E.jpeg","contentUrl":"https:\/\/narcisounimog.com\/wp-content\/uploads\/2024\/04\/0DA3B472-DE8A-4568-9E89-08DAF7AAC82E.jpeg","width":1600,"height":567,"caption":"NarcisoUnimog"},"image":{"@id":"https:\/\/narcisounimog.com\/#\/schema\/logo\/image\/"},"sameAs":["https:\/\/www.facebook.com\/narciso.unimog"]},{"@type":"Person","@id":"https:\/\/narcisounimog.com\/#\/schema\/person\/24e34e3bd13f97558c9756e86696d39b","name":"Narcisounimog","image":{"@type":"ImageObject","inLanguage":"it-IT","@id":"https:\/\/narcisounimog.com\/#\/schema\/person\/image\/","url":"https:\/\/secure.gravatar.com\/avatar\/?s=96&d=mm&r=g","contentUrl":"https:\/\/secure.gravatar.com\/avatar\/?s=96&d=mm&r=g","caption":"Narcisounimog"},"url":"https:\/\/narcisounimog.com\/index.php\/author\/narcisounimog\/"}]}},"_links":{"self":[{"href":"https:\/\/narcisounimog.com\/index.php\/wp-json\/wp\/v2\/posts\/113","targetHints":{"allow":["GET"]}}],"collection":[{"href":"https:\/\/narcisounimog.com\/index.php\/wp-json\/wp\/v2\/posts"}],"about":[{"href":"https:\/\/narcisounimog.com\/index.php\/wp-json\/wp\/v2\/types\/post"}],"author":[{"embeddable":true,"href":"https:\/\/narcisounimog.com\/index.php\/wp-json\/wp\/v2\/users\/2"}],"replies":[{"embeddable":true,"href":"https:\/\/narcisounimog.com\/index.php\/wp-json\/wp\/v2\/comments?post=113"}],"version-history":[{"count":1,"href":"https:\/\/narcisounimog.com\/index.php\/wp-json\/wp\/v2\/posts\/113\/revisions"}],"predecessor-version":[{"id":709,"href":"https:\/\/narcisounimog.com\/index.php\/wp-json\/wp\/v2\/posts\/113\/revisions\/709"}],"wp:featuredmedia":[{"embeddable":true,"href":"https:\/\/narcisounimog.com\/index.php\/wp-json\/wp\/v2\/media\/708"}],"wp:attachment":[{"href":"https:\/\/narcisounimog.com\/index.php\/wp-json\/wp\/v2\/media?parent=113"}],"wp:term":[{"taxonomy":"category","embeddable":true,"href":"https:\/\/narcisounimog.com\/index.php\/wp-json\/wp\/v2\/categories?post=113"},{"taxonomy":"post_tag","embeddable":true,"href":"https:\/\/narcisounimog.com\/index.php\/wp-json\/wp\/v2\/tags?post=113"}],"curies":[{"name":"wp","href":"https:\/\/api.w.org\/{rel}","templated":true}]}}