{"id":118,"date":"2015-12-13T16:42:00","date_gmt":"2015-12-13T16:42:00","guid":{"rendered":"https:\/\/narcisounimog.com\/index.php\/2015\/12\/13\/lungo-la-cordigliera-zona-cafetalera\/"},"modified":"2024-05-05T15:28:23","modified_gmt":"2024-05-05T15:28:23","slug":"lungo-la-cordigliera-zona-cafetalera","status":"publish","type":"post","link":"https:\/\/narcisounimog.com\/index.php\/2015\/12\/13\/lungo-la-cordigliera-zona-cafetalera\/","title":{"rendered":"Lungo la Cordigliera &#8211; Zona cafetalera"},"content":{"rendered":"<div style=\"clear: both; text-align: center;\"><a style=\"clear: left; float: left; margin-bottom: 1em; margin-right: 1em;\" href=\"http:\/\/4.bp.blogspot.com\/-HOBH2m_UV-E\/Vm28YgkeBsI\/AAAAAAAAb2U\/S_X5HkVwikc\/s1600\/P1270407.JPG\"><img loading=\"lazy\" decoding=\"async\" src=\"http:\/\/4.bp.blogspot.com\/-HOBH2m_UV-E\/Vm28YgkeBsI\/AAAAAAAAb2U\/S_X5HkVwikc\/s320\/P1270407.JPG\" width=\"320\" height=\"180\" border=\"0\" \/><\/a><\/div>\n<div dir=\"ltr\"><\/div>\n<div dir=\"ltr\">Mercoled\u00ec 25 lasciamo la capitale mattinieri per evitare il traffico, ma non c&#8217;\u00e8 un orario ottimale perch\u00e9 inevitabilmente ci ritroviamo imbottigliati anche alle sei di mattina. Dopo circa un paio d&#8217;ore, Bogot\u00e0 e&#8217; solo un ricordo e la strada si fa pi\u00f9 calma e rilassata. Ricominciano i saliscendi della Cordigliera, morbidi e sinuosi. Il paesaggio e&#8217; un susseguirsi di cordoni montuosi verdi di cui potremo goderne ancora la vista qui in Colombia, dove termina la Cordigliera Andina.<br \/>\nLe piantagioni di caff\u00e8 rivestono i pendii pi\u00f9 scoscesi e le bacche rosse dei frutti appesantiscono i rami delle piante pronte per la raccolta.<\/div>\n<div style=\"clear: both; text-align: center;\"><a style=\"margin-left: 1em; margin-right: 1em;\" href=\"http:\/\/1.bp.blogspot.com\/-D-Bgm9b2UOQ\/Vm28k6du0gI\/AAAAAAAAb2s\/lVmlBpDJtWQ\/s1600\/P1270608.JPG\"><img loading=\"lazy\" decoding=\"async\" src=\"http:\/\/1.bp.blogspot.com\/-D-Bgm9b2UOQ\/Vm28k6du0gI\/AAAAAAAAb2s\/lVmlBpDJtWQ\/s320\/P1270608.JPG\" width=\"320\" height=\"180\" border=\"0\" \/><\/a><\/div>\n<div dir=\"ltr\">Si scende di quota e le colture di ortaggi e alberi da frutta padroneggiano incontrastate, sino a salire a pi\u00f9 di 3000 mt s.l.m. e la vegetazione si dirada, scoprendo le nude rocce della montagna.<br \/>\nSul passo a 3700 mt s.l.m. tra le raffiche di vento e la temperatura decisamente pi\u00f9 rigida, trascorriamo la notte in un campetto di basket di un villaggio andino.<br \/>\nNei giorni successivi, percorriamo chilometri di strade montane, attraversando villaggi di campesinos e qualche cittadina caotica piu a valle, pi\u00f9 su,\u00a0 pascoli soleggiati dove mandrie bovine ruminano indisturbate.<br \/>\nSui cigli della strada , i &#8220;lavaderos&#8221; arrampicati su camion cromati, lavano con l&#8217;acqua delle sorgenti naturali i bisonti della strada .<\/div>\n<div style=\"clear: both; text-align: center;\"><a style=\"clear: right; float: right; margin-bottom: 1em; margin-left: 1em;\" href=\"http:\/\/3.bp.blogspot.com\/-tUgQlxw55NU\/Vm281u6QX7I\/AAAAAAAAb3Q\/ayLZ_ueC6jc\/s1600\/P1270903.JPG\"><img loading=\"lazy\" decoding=\"async\" src=\"http:\/\/3.bp.blogspot.com\/-tUgQlxw55NU\/Vm281u6QX7I\/AAAAAAAAb3Q\/ayLZ_ueC6jc\/s320\/P1270903.JPG\" width=\"320\" height=\"180\" border=\"0\" \/><\/a><\/div>\n<div dir=\"ltr\">Arrivati a Montenegro, per una strada di campagna costeggiata da numerose &#8220;fincas&#8221; coloniali\u00a0 adornate di fiori, visitiamo il &#8220;Parque Nacional del cafe'&#8221; , parco tematico che illustra con eventi, musei e attrazioni, il mondo del caff\u00e8 nel Paese.<br \/>\nRipercorriamo la Cordigliera ed arriviamo a Salento, un coloratissimo paesino coloniale che sfoggia vivaci case di bamb\u00f9, affacciate su viuzze movimentate da\u00a0 variopinte botteghe di souvenirs.<br \/>\nProseguiamo la strada che ci accompagner\u00e0 a Santa Rosa de Cabal, un villaggio nascosto tra i monti che dopo uno sterrato tra<\/div>\n<div style=\"clear: both; text-align: center;\"><a style=\"margin-left: 1em; margin-right: 1em;\" href=\"http:\/\/1.bp.blogspot.com\/-JyIAz2onLYk\/Vm28mL0-UCI\/AAAAAAAAb20\/6-wSIUn7FYE\/s1600\/P1270741.JPG\"><img loading=\"lazy\" decoding=\"async\" src=\"http:\/\/1.bp.blogspot.com\/-JyIAz2onLYk\/Vm28mL0-UCI\/AAAAAAAAb20\/6-wSIUn7FYE\/s640\/P1270741.JPG\" width=\"640\" height=\"360\" border=\"0\" \/><\/a><\/div>\n<div dir=\"ltr\"><\/div>\n<div dir=\"ltr\">eucalipti ci conduce ad una cascata naturale di acqua termale che alimenta una piscina all&#8217;aperto , per un rilassante bagno tra i boschi.<\/div>\n<div style=\"clear: both; text-align: center;\"><a style=\"clear: left; float: left; margin-bottom: 1em; margin-right: 1em;\" href=\"http:\/\/1.bp.blogspot.com\/-BljsBZD-bYY\/Vm28mz2ceTI\/AAAAAAAAb28\/jbgPl8DpTQ8\/s1600\/P1270740.JPG\"><img loading=\"lazy\" decoding=\"async\" src=\"http:\/\/1.bp.blogspot.com\/-BljsBZD-bYY\/Vm28mz2ceTI\/AAAAAAAAb28\/jbgPl8DpTQ8\/s320\/P1270740.JPG\" width=\"320\" height=\"180\" border=\"0\" \/><\/a><\/div>\n<div dir=\"ltr\">L&#8217;indomani riprendiamo la strada principale e saliamo verso Salamina. Il cammino si snoda tra i monti e la vista dall&#8217;alto \u00e8 uno spettacolo. La via, dopo tanto asfalto, si restringe e diventa una pista sconnessa e tortuosa, che serpeggia tra pendii ripidi e strapiombi vertiginosi. Arriviamo inevitabilmente col buio e Salamina sembra attenderci festosa e sonante: sta celebrando la Vergine Maria , la settimana prima dell&#8217;Immacolata, con processione , banda musicale e fuochi d&#8217;artificio.<br \/>\nLa mattina seguente, visitiamo il paese coloniale, dichiarato nel 1982 patrimonio dell&#8217;umanit\u00e0 per la sua architettura risalente al XIX secolo ben conservata, per la gastronomia tipica ancora presente e per la sua economia basata sulla coltivazione del caff\u00e8,\u00a0 la sua raccolta e distribuzione.<\/div>\n<div style=\"clear: both; text-align: center;\"><a style=\"margin-left: 1em; margin-right: 1em;\" href=\"http:\/\/2.bp.blogspot.com\/-Twi71VbXwRw\/Vm29E04ykVI\/AAAAAAAAb3g\/QjHYUSi64x0\/s1600\/P1280577.JPG\"><img loading=\"lazy\" decoding=\"async\" src=\"http:\/\/2.bp.blogspot.com\/-Twi71VbXwRw\/Vm29E04ykVI\/AAAAAAAAb3g\/QjHYUSi64x0\/s640\/P1280577.JPG\" width=\"640\" height=\"360\" border=\"0\" \/><\/a><\/div>\n<div dir=\"ltr\">Non a caso, visitiamo una piantagione, propriet\u00e0 di un italiano che con la collaborazione di campesinos locali, gestisce la coltura di 7 ettari di caff\u00e8, abbarbicato ai pendii scoscesi della Cordigliera. A fatica ci addentriamo tra le piante di caff\u00e8 e sperimentiamo , seppur per brevi momenti, il duro e faticoso lavoro dei campesinos che con sudore coltivano manualmente senza ausilio di macchinari,\u00a0 questo meraviglioso frutto .<\/div>\n<div style=\"clear: both; text-align: center;\"><a style=\"margin-left: 1em; margin-right: 1em;\" href=\"http:\/\/4.bp.blogspot.com\/-5VYRM61AGgM\/Vm28463p1zI\/AAAAAAAAb3Y\/cmgP22yMy1o\/s1600\/P1280495.JPG\"><img loading=\"lazy\" decoding=\"async\" src=\"http:\/\/4.bp.blogspot.com\/-5VYRM61AGgM\/Vm28463p1zI\/AAAAAAAAb3Y\/cmgP22yMy1o\/s320\/P1280495.JPG\" width=\"320\" height=\"180\" border=\"0\" \/><\/a><\/div>\n<div dir=\"ltr\">Mercoled\u00ec 2 dicembre, arriviamo a Medellin, seconda citt\u00e0 per numero d&#8217;abitanti della Colombia dopo la capitale. Ci dovremmo soffermare qualche giorno in attesa di alcuni pezzi di ricambio per la Toyota di Jean Paul e Mado che per la seconda volta si sono rotti strada facendo.<\/div>\n<div style=\"clear: both; text-align: center;\"><a style=\"clear: left; float: left; margin-bottom: 1em; margin-right: 1em;\" href=\"http:\/\/4.bp.blogspot.com\/-OeKWClV0VmE\/Vm29Wp1TwlI\/AAAAAAAAb38\/J6Ch9r5epSo\/s1600\/P1280824.JPG\"><img loading=\"lazy\" decoding=\"async\" src=\"http:\/\/4.bp.blogspot.com\/-OeKWClV0VmE\/Vm29Wp1TwlI\/AAAAAAAAb38\/J6Ch9r5epSo\/s320\/P1280824.JPG\" width=\"320\" height=\"180\" border=\"0\" \/><\/a><\/div>\n<div dir=\"ltr\">Ammazziamo il tempo visitando il Giardino Botanico in centro citt\u00e0: numerosissime le specie floreali e le piante che ospita; al suo interno anche un laghetto che accoglie pigre tartarughe che si scaldano al sole , come grosse iguane che galleggiano sulle ninfee flottanti. Qualche esemplare di coccodrillo si mimetizza tra le foglie . Sono molteplici anche le specie aviarie e le farfalle coloratissime che popolano una zona a loro dedicata.<\/div>\n<div style=\"clear: both; text-align: center;\"><a style=\"margin-left: 1em; margin-right: 1em;\" href=\"http:\/\/1.bp.blogspot.com\/--Vso6hBIUi4\/Vm29PoSo2SI\/AAAAAAAAb3o\/pS-Y4mcQghE\/s1600\/P1280903.JPG\"><img loading=\"lazy\" decoding=\"async\" src=\"http:\/\/1.bp.blogspot.com\/--Vso6hBIUi4\/Vm29PoSo2SI\/AAAAAAAAb3o\/pS-Y4mcQghE\/s640\/P1280903.JPG\" width=\"640\" height=\"360\" border=\"0\" \/><\/a><\/div>\n<div dir=\"ltr\">Domenica 6 lasciamo la citt\u00e0 e salutiamo anche la zona montana per avvicinarci alla calda costa colombiana.<\/div>\n<div style=\"clear: both; text-align: center;\"><\/div>\n<div style=\"clear: both; text-align: center;\"><\/div>\n","protected":false},"excerpt":{"rendered":"<p>Mercoled\u00ec 25 lasciamo la capitale mattinieri per evitare il traffico, ma non c&#8217;\u00e8 un orario ottimale perch\u00e9 inevitabilmente ci ritroviamo imbottigliati anche alle sei di mattina. Dopo circa un paio d&#8217;ore, Bogot\u00e0 e&#8217; solo un ricordo e la strada si fa pi\u00f9 calma e rilassata. Ricominciano i saliscendi della Cordigliera, morbidi e sinuosi. Il paesaggio &hellip; <\/p>\n","protected":false},"author":2,"featured_media":742,"comment_status":"open","ping_status":"open","sticky":false,"template":"","format":"standard","meta":{"footnotes":""},"categories":[1],"tags":[],"class_list":["post-118","post","type-post","status-publish","format-standard","has-post-thumbnail","hentry","category-america"],"yoast_head":"<!-- This site is optimized with the Yoast SEO plugin v22.5 - https:\/\/yoast.com\/wordpress\/plugins\/seo\/ -->\n<title>Lungo la Cordigliera - Zona cafetalera - NarcisoUnimog<\/title>\n<meta name=\"robots\" content=\"index, follow, max-snippet:-1, max-image-preview:large, max-video-preview:-1\" \/>\n<link rel=\"canonical\" href=\"https:\/\/narcisounimog.com\/index.php\/2015\/12\/13\/lungo-la-cordigliera-zona-cafetalera\/\" \/>\n<meta property=\"og:locale\" content=\"it_IT\" \/>\n<meta property=\"og:type\" content=\"article\" \/>\n<meta property=\"og:title\" content=\"Lungo la Cordigliera - Zona cafetalera - NarcisoUnimog\" \/>\n<meta property=\"og:description\" content=\"Mercoled\u00ec 25 lasciamo la capitale mattinieri per evitare il traffico, ma non c&#8217;\u00e8 un orario ottimale perch\u00e9 inevitabilmente ci ritroviamo imbottigliati anche alle sei di mattina. Dopo circa un paio d&#8217;ore, Bogot\u00e0 e&#8217; solo un ricordo e la strada si fa pi\u00f9 calma e rilassata. Ricominciano i saliscendi della Cordigliera, morbidi e sinuosi. Il paesaggio &hellip;\" \/>\n<meta property=\"og:url\" content=\"https:\/\/narcisounimog.com\/index.php\/2015\/12\/13\/lungo-la-cordigliera-zona-cafetalera\/\" \/>\n<meta property=\"og:site_name\" content=\"NarcisoUnimog\" \/>\n<meta property=\"article:publisher\" content=\"https:\/\/www.facebook.com\/narciso.unimog\" \/>\n<meta property=\"article:published_time\" content=\"2015-12-13T16:42:00+00:00\" \/>\n<meta property=\"article:modified_time\" content=\"2024-05-05T15:28:23+00:00\" \/>\n<meta property=\"og:image\" content=\"https:\/\/narcisounimog.com\/wp-content\/uploads\/2015\/12\/cordigliera.jpeg\" \/>\n\t<meta property=\"og:image:width\" content=\"1600\" \/>\n\t<meta property=\"og:image:height\" content=\"900\" \/>\n\t<meta property=\"og:image:type\" content=\"image\/jpeg\" \/>\n<meta name=\"author\" content=\"Narcisounimog\" \/>\n<meta name=\"twitter:card\" content=\"summary_large_image\" \/>\n<meta name=\"twitter:label1\" content=\"Scritto da\" \/>\n\t<meta name=\"twitter:data1\" content=\"Narcisounimog\" \/>\n\t<meta name=\"twitter:label2\" content=\"Tempo di lettura stimato\" \/>\n\t<meta name=\"twitter:data2\" content=\"6 minuti\" \/>\n<script type=\"application\/ld+json\" class=\"yoast-schema-graph\">{\"@context\":\"https:\/\/schema.org\",\"@graph\":[{\"@type\":\"Article\",\"@id\":\"https:\/\/narcisounimog.com\/index.php\/2015\/12\/13\/lungo-la-cordigliera-zona-cafetalera\/#article\",\"isPartOf\":{\"@id\":\"https:\/\/narcisounimog.com\/index.php\/2015\/12\/13\/lungo-la-cordigliera-zona-cafetalera\/\"},\"author\":{\"name\":\"Narcisounimog\",\"@id\":\"https:\/\/narcisounimog.com\/#\/schema\/person\/24e34e3bd13f97558c9756e86696d39b\"},\"headline\":\"Lungo la Cordigliera &#8211; Zona cafetalera\",\"datePublished\":\"2015-12-13T16:42:00+00:00\",\"dateModified\":\"2024-05-05T15:28:23+00:00\",\"mainEntityOfPage\":{\"@id\":\"https:\/\/narcisounimog.com\/index.php\/2015\/12\/13\/lungo-la-cordigliera-zona-cafetalera\/\"},\"wordCount\":642,\"commentCount\":0,\"publisher\":{\"@id\":\"https:\/\/narcisounimog.com\/#organization\"},\"image\":{\"@id\":\"https:\/\/narcisounimog.com\/index.php\/2015\/12\/13\/lungo-la-cordigliera-zona-cafetalera\/#primaryimage\"},\"thumbnailUrl\":\"https:\/\/narcisounimog.com\/wp-content\/uploads\/2015\/12\/cordigliera.jpeg\",\"articleSection\":[\"America\"],\"inLanguage\":\"it-IT\"},{\"@type\":\"WebPage\",\"@id\":\"https:\/\/narcisounimog.com\/index.php\/2015\/12\/13\/lungo-la-cordigliera-zona-cafetalera\/\",\"url\":\"https:\/\/narcisounimog.com\/index.php\/2015\/12\/13\/lungo-la-cordigliera-zona-cafetalera\/\",\"name\":\"Lungo la Cordigliera - Zona cafetalera - NarcisoUnimog\",\"isPartOf\":{\"@id\":\"https:\/\/narcisounimog.com\/#website\"},\"primaryImageOfPage\":{\"@id\":\"https:\/\/narcisounimog.com\/index.php\/2015\/12\/13\/lungo-la-cordigliera-zona-cafetalera\/#primaryimage\"},\"image\":{\"@id\":\"https:\/\/narcisounimog.com\/index.php\/2015\/12\/13\/lungo-la-cordigliera-zona-cafetalera\/#primaryimage\"},\"thumbnailUrl\":\"https:\/\/narcisounimog.com\/wp-content\/uploads\/2015\/12\/cordigliera.jpeg\",\"datePublished\":\"2015-12-13T16:42:00+00:00\",\"dateModified\":\"2024-05-05T15:28:23+00:00\",\"breadcrumb\":{\"@id\":\"https:\/\/narcisounimog.com\/index.php\/2015\/12\/13\/lungo-la-cordigliera-zona-cafetalera\/#breadcrumb\"},\"inLanguage\":\"it-IT\",\"potentialAction\":[{\"@type\":\"ReadAction\",\"target\":[\"https:\/\/narcisounimog.com\/index.php\/2015\/12\/13\/lungo-la-cordigliera-zona-cafetalera\/\"]}]},{\"@type\":\"ImageObject\",\"inLanguage\":\"it-IT\",\"@id\":\"https:\/\/narcisounimog.com\/index.php\/2015\/12\/13\/lungo-la-cordigliera-zona-cafetalera\/#primaryimage\",\"url\":\"https:\/\/narcisounimog.com\/wp-content\/uploads\/2015\/12\/cordigliera.jpeg\",\"contentUrl\":\"https:\/\/narcisounimog.com\/wp-content\/uploads\/2015\/12\/cordigliera.jpeg\",\"width\":1600,\"height\":900},{\"@type\":\"BreadcrumbList\",\"@id\":\"https:\/\/narcisounimog.com\/index.php\/2015\/12\/13\/lungo-la-cordigliera-zona-cafetalera\/#breadcrumb\",\"itemListElement\":[{\"@type\":\"ListItem\",\"position\":1,\"name\":\"Home\",\"item\":\"https:\/\/narcisounimog.com\/\"},{\"@type\":\"ListItem\",\"position\":2,\"name\":\"Lungo la Cordigliera &#8211; Zona cafetalera\"}]},{\"@type\":\"WebSite\",\"@id\":\"https:\/\/narcisounimog.com\/#website\",\"url\":\"https:\/\/narcisounimog.com\/\",\"name\":\"NarcisoUnimog\",\"description\":\"Libera il tuo Tempo\",\"publisher\":{\"@id\":\"https:\/\/narcisounimog.com\/#organization\"},\"potentialAction\":[{\"@type\":\"SearchAction\",\"target\":{\"@type\":\"EntryPoint\",\"urlTemplate\":\"https:\/\/narcisounimog.com\/?s={search_term_string}\"},\"query-input\":\"required name=search_term_string\"}],\"inLanguage\":\"it-IT\"},{\"@type\":\"Organization\",\"@id\":\"https:\/\/narcisounimog.com\/#organization\",\"name\":\"NarcisoUnimog\",\"url\":\"https:\/\/narcisounimog.com\/\",\"logo\":{\"@type\":\"ImageObject\",\"inLanguage\":\"it-IT\",\"@id\":\"https:\/\/narcisounimog.com\/#\/schema\/logo\/image\/\",\"url\":\"https:\/\/narcisounimog.com\/wp-content\/uploads\/2024\/04\/0DA3B472-DE8A-4568-9E89-08DAF7AAC82E.jpeg\",\"contentUrl\":\"https:\/\/narcisounimog.com\/wp-content\/uploads\/2024\/04\/0DA3B472-DE8A-4568-9E89-08DAF7AAC82E.jpeg\",\"width\":1600,\"height\":567,\"caption\":\"NarcisoUnimog\"},\"image\":{\"@id\":\"https:\/\/narcisounimog.com\/#\/schema\/logo\/image\/\"},\"sameAs\":[\"https:\/\/www.facebook.com\/narciso.unimog\"]},{\"@type\":\"Person\",\"@id\":\"https:\/\/narcisounimog.com\/#\/schema\/person\/24e34e3bd13f97558c9756e86696d39b\",\"name\":\"Narcisounimog\",\"image\":{\"@type\":\"ImageObject\",\"inLanguage\":\"it-IT\",\"@id\":\"https:\/\/narcisounimog.com\/#\/schema\/person\/image\/\",\"url\":\"https:\/\/secure.gravatar.com\/avatar\/?s=96&d=mm&r=g\",\"contentUrl\":\"https:\/\/secure.gravatar.com\/avatar\/?s=96&d=mm&r=g\",\"caption\":\"Narcisounimog\"},\"url\":\"https:\/\/narcisounimog.com\/index.php\/author\/narcisounimog\/\"}]}<\/script>\n<!-- \/ Yoast SEO plugin. -->","yoast_head_json":{"title":"Lungo la Cordigliera - Zona cafetalera - NarcisoUnimog","robots":{"index":"index","follow":"follow","max-snippet":"max-snippet:-1","max-image-preview":"max-image-preview:large","max-video-preview":"max-video-preview:-1"},"canonical":"https:\/\/narcisounimog.com\/index.php\/2015\/12\/13\/lungo-la-cordigliera-zona-cafetalera\/","og_locale":"it_IT","og_type":"article","og_title":"Lungo la Cordigliera - Zona cafetalera - NarcisoUnimog","og_description":"Mercoled\u00ec 25 lasciamo la capitale mattinieri per evitare il traffico, ma non c&#8217;\u00e8 un orario ottimale perch\u00e9 inevitabilmente ci ritroviamo imbottigliati anche alle sei di mattina. Dopo circa un paio d&#8217;ore, Bogot\u00e0 e&#8217; solo un ricordo e la strada si fa pi\u00f9 calma e rilassata. Ricominciano i saliscendi della Cordigliera, morbidi e sinuosi. Il paesaggio &hellip;","og_url":"https:\/\/narcisounimog.com\/index.php\/2015\/12\/13\/lungo-la-cordigliera-zona-cafetalera\/","og_site_name":"NarcisoUnimog","article_publisher":"https:\/\/www.facebook.com\/narciso.unimog","article_published_time":"2015-12-13T16:42:00+00:00","article_modified_time":"2024-05-05T15:28:23+00:00","og_image":[{"width":1600,"height":900,"url":"https:\/\/narcisounimog.com\/wp-content\/uploads\/2015\/12\/cordigliera.jpeg","type":"image\/jpeg"}],"author":"Narcisounimog","twitter_card":"summary_large_image","twitter_misc":{"Scritto da":"Narcisounimog","Tempo di lettura stimato":"6 minuti"},"schema":{"@context":"https:\/\/schema.org","@graph":[{"@type":"Article","@id":"https:\/\/narcisounimog.com\/index.php\/2015\/12\/13\/lungo-la-cordigliera-zona-cafetalera\/#article","isPartOf":{"@id":"https:\/\/narcisounimog.com\/index.php\/2015\/12\/13\/lungo-la-cordigliera-zona-cafetalera\/"},"author":{"name":"Narcisounimog","@id":"https:\/\/narcisounimog.com\/#\/schema\/person\/24e34e3bd13f97558c9756e86696d39b"},"headline":"Lungo la Cordigliera &#8211; Zona cafetalera","datePublished":"2015-12-13T16:42:00+00:00","dateModified":"2024-05-05T15:28:23+00:00","mainEntityOfPage":{"@id":"https:\/\/narcisounimog.com\/index.php\/2015\/12\/13\/lungo-la-cordigliera-zona-cafetalera\/"},"wordCount":642,"commentCount":0,"publisher":{"@id":"https:\/\/narcisounimog.com\/#organization"},"image":{"@id":"https:\/\/narcisounimog.com\/index.php\/2015\/12\/13\/lungo-la-cordigliera-zona-cafetalera\/#primaryimage"},"thumbnailUrl":"https:\/\/narcisounimog.com\/wp-content\/uploads\/2015\/12\/cordigliera.jpeg","articleSection":["America"],"inLanguage":"it-IT"},{"@type":"WebPage","@id":"https:\/\/narcisounimog.com\/index.php\/2015\/12\/13\/lungo-la-cordigliera-zona-cafetalera\/","url":"https:\/\/narcisounimog.com\/index.php\/2015\/12\/13\/lungo-la-cordigliera-zona-cafetalera\/","name":"Lungo la Cordigliera - Zona cafetalera - NarcisoUnimog","isPartOf":{"@id":"https:\/\/narcisounimog.com\/#website"},"primaryImageOfPage":{"@id":"https:\/\/narcisounimog.com\/index.php\/2015\/12\/13\/lungo-la-cordigliera-zona-cafetalera\/#primaryimage"},"image":{"@id":"https:\/\/narcisounimog.com\/index.php\/2015\/12\/13\/lungo-la-cordigliera-zona-cafetalera\/#primaryimage"},"thumbnailUrl":"https:\/\/narcisounimog.com\/wp-content\/uploads\/2015\/12\/cordigliera.jpeg","datePublished":"2015-12-13T16:42:00+00:00","dateModified":"2024-05-05T15:28:23+00:00","breadcrumb":{"@id":"https:\/\/narcisounimog.com\/index.php\/2015\/12\/13\/lungo-la-cordigliera-zona-cafetalera\/#breadcrumb"},"inLanguage":"it-IT","potentialAction":[{"@type":"ReadAction","target":["https:\/\/narcisounimog.com\/index.php\/2015\/12\/13\/lungo-la-cordigliera-zona-cafetalera\/"]}]},{"@type":"ImageObject","inLanguage":"it-IT","@id":"https:\/\/narcisounimog.com\/index.php\/2015\/12\/13\/lungo-la-cordigliera-zona-cafetalera\/#primaryimage","url":"https:\/\/narcisounimog.com\/wp-content\/uploads\/2015\/12\/cordigliera.jpeg","contentUrl":"https:\/\/narcisounimog.com\/wp-content\/uploads\/2015\/12\/cordigliera.jpeg","width":1600,"height":900},{"@type":"BreadcrumbList","@id":"https:\/\/narcisounimog.com\/index.php\/2015\/12\/13\/lungo-la-cordigliera-zona-cafetalera\/#breadcrumb","itemListElement":[{"@type":"ListItem","position":1,"name":"Home","item":"https:\/\/narcisounimog.com\/"},{"@type":"ListItem","position":2,"name":"Lungo la Cordigliera &#8211; Zona cafetalera"}]},{"@type":"WebSite","@id":"https:\/\/narcisounimog.com\/#website","url":"https:\/\/narcisounimog.com\/","name":"NarcisoUnimog","description":"Libera il tuo Tempo","publisher":{"@id":"https:\/\/narcisounimog.com\/#organization"},"potentialAction":[{"@type":"SearchAction","target":{"@type":"EntryPoint","urlTemplate":"https:\/\/narcisounimog.com\/?s={search_term_string}"},"query-input":"required name=search_term_string"}],"inLanguage":"it-IT"},{"@type":"Organization","@id":"https:\/\/narcisounimog.com\/#organization","name":"NarcisoUnimog","url":"https:\/\/narcisounimog.com\/","logo":{"@type":"ImageObject","inLanguage":"it-IT","@id":"https:\/\/narcisounimog.com\/#\/schema\/logo\/image\/","url":"https:\/\/narcisounimog.com\/wp-content\/uploads\/2024\/04\/0DA3B472-DE8A-4568-9E89-08DAF7AAC82E.jpeg","contentUrl":"https:\/\/narcisounimog.com\/wp-content\/uploads\/2024\/04\/0DA3B472-DE8A-4568-9E89-08DAF7AAC82E.jpeg","width":1600,"height":567,"caption":"NarcisoUnimog"},"image":{"@id":"https:\/\/narcisounimog.com\/#\/schema\/logo\/image\/"},"sameAs":["https:\/\/www.facebook.com\/narciso.unimog"]},{"@type":"Person","@id":"https:\/\/narcisounimog.com\/#\/schema\/person\/24e34e3bd13f97558c9756e86696d39b","name":"Narcisounimog","image":{"@type":"ImageObject","inLanguage":"it-IT","@id":"https:\/\/narcisounimog.com\/#\/schema\/person\/image\/","url":"https:\/\/secure.gravatar.com\/avatar\/?s=96&d=mm&r=g","contentUrl":"https:\/\/secure.gravatar.com\/avatar\/?s=96&d=mm&r=g","caption":"Narcisounimog"},"url":"https:\/\/narcisounimog.com\/index.php\/author\/narcisounimog\/"}]}},"_links":{"self":[{"href":"https:\/\/narcisounimog.com\/index.php\/wp-json\/wp\/v2\/posts\/118","targetHints":{"allow":["GET"]}}],"collection":[{"href":"https:\/\/narcisounimog.com\/index.php\/wp-json\/wp\/v2\/posts"}],"about":[{"href":"https:\/\/narcisounimog.com\/index.php\/wp-json\/wp\/v2\/types\/post"}],"author":[{"embeddable":true,"href":"https:\/\/narcisounimog.com\/index.php\/wp-json\/wp\/v2\/users\/2"}],"replies":[{"embeddable":true,"href":"https:\/\/narcisounimog.com\/index.php\/wp-json\/wp\/v2\/comments?post=118"}],"version-history":[{"count":2,"href":"https:\/\/narcisounimog.com\/index.php\/wp-json\/wp\/v2\/posts\/118\/revisions"}],"predecessor-version":[{"id":743,"href":"https:\/\/narcisounimog.com\/index.php\/wp-json\/wp\/v2\/posts\/118\/revisions\/743"}],"wp:featuredmedia":[{"embeddable":true,"href":"https:\/\/narcisounimog.com\/index.php\/wp-json\/wp\/v2\/media\/742"}],"wp:attachment":[{"href":"https:\/\/narcisounimog.com\/index.php\/wp-json\/wp\/v2\/media?parent=118"}],"wp:term":[{"taxonomy":"category","embeddable":true,"href":"https:\/\/narcisounimog.com\/index.php\/wp-json\/wp\/v2\/categories?post=118"},{"taxonomy":"post_tag","embeddable":true,"href":"https:\/\/narcisounimog.com\/index.php\/wp-json\/wp\/v2\/tags?post=118"}],"curies":[{"name":"wp","href":"https:\/\/api.w.org\/{rel}","templated":true}]}}