{"id":151,"date":"2014-08-18T16:27:00","date_gmt":"2014-08-18T16:27:00","guid":{"rendered":"https:\/\/narcisounimog.com\/index.php\/2014\/08\/18\/sulla-via-di-la-paz\/"},"modified":"2024-05-05T16:17:01","modified_gmt":"2024-05-05T16:17:01","slug":"sulla-via-di-la-paz","status":"publish","type":"post","link":"https:\/\/narcisounimog.com\/index.php\/2014\/08\/18\/sulla-via-di-la-paz\/","title":{"rendered":"sulla via di La Paz"},"content":{"rendered":"<div style=\"clear: both; text-align: center;\"><\/div>\n<p>La strada per la capitale boliviana \u00e8 lunga. E&#8217; lampante il progresso del Paese e lo si nota dalla strada a due vie che stanno completando da Oruro a La Paz. Taglia a met\u00e0 villaggi che sino a ieri conoscevano solo polvere e sassi da calpestare per raggiungere altri villaggi di case dai tetti di latta. Alcuni anziani, seduti a terra, guardano rassegnati il tempo che passa. I bimbi, raccolti a cerchio sull&#8217;asfalto di una strada interrotta, gridano incuriositi, al nostro passaggio.<\/p>\n<div style=\"clear: both; text-align: center;\"><a style=\"clear: left; float: left; margin-bottom: 1em; margin-right: 1em;\" href=\"http:\/\/4.bp.blogspot.com\/-Wjk7xQyVr50\/U_Im_BKyHII\/AAAAAAAANxc\/JKDmI_K2Qbk\/s1600\/P1140950.JPG\"><img loading=\"lazy\" decoding=\"async\" src=\"http:\/\/4.bp.blogspot.com\/-Wjk7xQyVr50\/U_Im_BKyHII\/AAAAAAAANxc\/JKDmI_K2Qbk\/s1600\/P1140950.JPG\" width=\"320\" height=\"180\" border=\"0\" \/><\/a><\/div>\n<p>Le nuvole scure e cariche di pioggia sovrastano il cielo sulla Cordigliera Andina all&#8217;orizzonte.<br \/>\nLa Paz ci accoglie con il suo caos di sempre: macchine, camion, taxi, bus colorati che strombazzano per infilarsi nelle vie che portano al centro, ognuno con il proprio codice della strada. Anche noi ci adeguiamo allo stile locale e ci facciamo largo a suon di trombe. Percorriamo una strada contorta di montagna per raggiungere il camping Oberland e ci soffermiamo a visitare una straordinaria conformazione rocciosa di argilla grigiastra che per effetto della costante erosione naturale si \u00e8 deteriorata e logorata a tal punto da originare picchi, solchi e colonne, come un gigantesco castello di sabbia che da secoli \u00e8 habitat naturale di parecchie specie animali e vegetali: \u00e8 la Valle de la Luna in cui ci addentriamo camminando per godere della magica suggestione di questo paesaggio dall&#8217;aspetto lunare.<\/p>\n<div style=\"clear: both; text-align: center;\"><a style=\"clear: right; float: right; margin-bottom: 1em; margin-left: 1em;\" href=\"http:\/\/1.bp.blogspot.com\/-3XDuh1tvKU0\/U_InOXlWKzI\/AAAAAAAANxk\/UDGxJ7zpcEI\/s1600\/P1140994.JPG\"><img loading=\"lazy\" decoding=\"async\" src=\"http:\/\/1.bp.blogspot.com\/-3XDuh1tvKU0\/U_InOXlWKzI\/AAAAAAAANxk\/UDGxJ7zpcEI\/s1600\/P1140994.JPG\" width=\"320\" height=\"180\" border=\"0\" \/><\/a><\/div>\n<p>Sabato, alloggiati al camping, ci dedichiamo al checkup di Narciso, che dopo chilometri di sterrati e piste impegnative, ci sembra doveroso. Constatiamo con soddisfazione che non ci sono particolari problemi; solamente il gruppo elettrogeno non produce energia e richiede la sostituzione del condensatore. Ma dove lo troviamo in Bolivia, a La Paz, nel week-end? Ci vuole &#8220;suerte&#8221;!<br \/>\nDomenica 17 agosto partiamo di buon ora per visitare la citt\u00e0, partendo dalla zona pi\u00f9 in quota, detta El Alto. Siamo stupiti dalle migliorie apportate alla capitale: giardini, aiuole, ponti pedonali, viabilit\u00e0 moderna e non ultima, la teleferica, inaugurata qualche settimana fa che collega con rapidit\u00e0 gli abitanti della citt\u00e0 bassa con El Alto. Decidiamo di provare la nuovissima opera ingegneristica e, subito, ci dobbiamo armare di pazienza perch\u00e8 la fila per l&#8217;ingresso \u00e8 interminabile.<\/p>\n<div style=\"clear: both; text-align: center;\"><a style=\"clear: left; float: left; margin-bottom: 1em; margin-right: 1em;\" href=\"http:\/\/3.bp.blogspot.com\/-1wJDcGQSKKU\/U_IneL9WA_I\/AAAAAAAANxs\/H0-BwNKr2N0\/s1600\/P1150027.JPG\"><img loading=\"lazy\" decoding=\"async\" src=\"http:\/\/3.bp.blogspot.com\/-1wJDcGQSKKU\/U_IneL9WA_I\/AAAAAAAANxs\/H0-BwNKr2N0\/s1600\/P1150027.JPG\" width=\"320\" height=\"180\" border=\"0\" \/><\/a><\/div>\n<p>Non ci scoraggiamo e quasi dopo un&#8217;ora, saliamo. La vista della citt\u00e0 dall&#8217;alto nella sua totalit\u00e0 \u00e8 impressionante, come \u00e8 impressionante il numero di abitazioni di mattoni rossi che fodera i versanti delle montagne che circondano La Paz che, a sua volta, sorge all&#8217;interno della valle. In basso, spunta qualche grattacielo. In alto, solo case monocromatiche, fatiscenti, con tetti luccicanti di lamiera e terrazzi esposti al sole dove intrecci di fili sono appesantiti dai panni stesi ad asciugare. E&#8217; domenica e intuiamo sia giornata di bucato e di igiene personale: si scorgono donne che pestano abiti colorati in mastelli colmi di schiuma e uomini che si risciacquano i capelli nelle tinozze all&#8217;aria aperta. E&#8217; un brulicare di gente che si muove tra un labirinto di costruzioni sorte, chiss\u00e0, per opera di quale piano regolatore, ma che resiste alle difficolt\u00e0 del clima e del terreno impervio e cos\u00ec fragile, che sembra sgretolarsi ad ogni minima pressione, ma che a dispetto, resiste nel tempo.<\/p>\n<div style=\"clear: both; text-align: center;\"><a style=\"clear: right; float: right; margin-bottom: 1em; margin-left: 1em;\" href=\"http:\/\/3.bp.blogspot.com\/-uA73VmItAS4\/U_In8zo0vvI\/AAAAAAAANx0\/E05eJFvzlVo\/s1600\/P1150050.JPG\"><img loading=\"lazy\" decoding=\"async\" src=\"http:\/\/3.bp.blogspot.com\/-uA73VmItAS4\/U_In8zo0vvI\/AAAAAAAANx0\/E05eJFvzlVo\/s1600\/P1150050.JPG\" width=\"320\" height=\"180\" border=\"0\" \/><\/a><\/div>\n<p>Arriviamo a El Alto e subito siamo coinvolti nel mercato domenicale: colori, odori, sapori ci investono e rapiti, ci confondiamo nella folla. Si trova di tutto: arnesi, pezzi di ricambio d&#8217;auto e camion, bulloneria, viti, molle, rivetti, nastri, cinghie, autoradio e poi ancora, verdura e frutta coloratissime, abiti, tendaggi, coperte, venditori di rotoli sfusi di carta igienica, scarpe. E ambulanti che, dai loro carretti spinti a mano, scoprono pentoloni fumanti di carni annegate nel brodo, patate e riso. Pollo e pesce fritti che sfrigolano nell&#8217;olio bollente in teglie annerite. E poi ancora, donne che invitano ad assaggiare l&#8217;ottimo frullato vitaminico di frutta esotica e panna che preparano al momento. Seduti a terra, vecchi e bambini, consumano il pasto quotidiano. E in tutto questo marasma di suoni e colori, di arti e di mestieri, incontriamo il tanto agognato &#8220;condensatore&#8221; che, speriamo, ci permetta di far funzionare a dovere il gruppo elettrogeno. Scendiamo, contenti dell&#8217;acquisto, a La Paz, e ci perdiamo per le sue vie e i suoi quartieri. Palazzi coloniali abbandonati al degrado e al passar del tempo; mercatini colorati dove donne avvolte nei loro gonnelloni e grembiuli non pi\u00f9 lindissimi, mettono in mostra le loro mercanzie; le bombette inclinate sui loro capi nerissimi, restano in bilico miracolosamente ad ogni loro movimento ed i volti segnati dalle pieghe profonde della pelle abbrustolita dal freddo e dal sole, rivelano tutte le difficolt\u00e0 e gli stenti che ogni giorno combattono .<br \/>\nNumerosi feti di lama sono appesi all&#8217;ingresso di fantomatiche &#8220;farmacie&#8221; che espongono erbe medicinali, medicamenti e altri unguenti, capaci di guarire ogni malanno.<\/p>\n<div style=\"clear: both; text-align: center;\"><a style=\"clear: left; float: left; margin-bottom: 1em; margin-right: 1em;\" href=\"http:\/\/4.bp.blogspot.com\/-zF6iTQhIjcw\/U_IpBUwubCI\/AAAAAAAANyE\/1IVsbrkTOuE\/s1600\/P1150153.JPG\"><img loading=\"lazy\" decoding=\"async\" src=\"http:\/\/4.bp.blogspot.com\/-zF6iTQhIjcw\/U_IpBUwubCI\/AAAAAAAANyE\/1IVsbrkTOuE\/s1600\/P1150153.JPG\" width=\"200\" height=\"112\" border=\"0\" \/><\/a><\/div>\n<p>Alziamo lo sguardo al cielo ed \u00e8 un groviglio di cavi elettrici che metter\u00e0 a dura prova anche il miglior elettricista di zona.<\/p>\n<p>Per terra, gli scarti dei mercati, che sfamano la multitudine di cani randagi che sguinzaglia per la citt\u00e0. Questa \u00e8 La Paz!!!<\/p>\n<div style=\"clear: both; text-align: center;\"><a style=\"margin-left: 1em; margin-right: 1em;\" href=\"http:\/\/2.bp.blogspot.com\/-dGhL_yKjFgg\/U_IoVFfHdjI\/AAAAAAAANx8\/fT7OHa928no\/s1600\/P1150100.JPG\"><img loading=\"lazy\" decoding=\"async\" src=\"http:\/\/2.bp.blogspot.com\/-dGhL_yKjFgg\/U_IoVFfHdjI\/AAAAAAAANx8\/fT7OHa928no\/s1600\/P1150100.JPG\" width=\"640\" height=\"360\" border=\"0\" \/><\/a><\/div>\n","protected":false},"excerpt":{"rendered":"<p>La strada per la capitale boliviana \u00e8 lunga. E&#8217; lampante il progresso del Paese e lo si nota dalla strada a due vie che stanno completando da Oruro a La Paz. Taglia a met\u00e0 villaggi che sino a ieri conoscevano solo polvere e sassi da calpestare per raggiungere altri villaggi di case dai tetti di &hellip; <\/p>\n","protected":false},"author":2,"featured_media":822,"comment_status":"open","ping_status":"open","sticky":false,"template":"","format":"standard","meta":{"footnotes":""},"categories":[1],"tags":[],"class_list":["post-151","post","type-post","status-publish","format-standard","has-post-thumbnail","hentry","category-america"],"yoast_head":"<!-- This site is optimized with the Yoast SEO plugin v22.5 - https:\/\/yoast.com\/wordpress\/plugins\/seo\/ -->\n<title>sulla via di La Paz - NarcisoUnimog<\/title>\n<meta name=\"robots\" content=\"index, follow, max-snippet:-1, max-image-preview:large, max-video-preview:-1\" \/>\n<link rel=\"canonical\" href=\"https:\/\/narcisounimog.com\/index.php\/2014\/08\/18\/sulla-via-di-la-paz\/\" \/>\n<meta property=\"og:locale\" content=\"it_IT\" \/>\n<meta property=\"og:type\" content=\"article\" \/>\n<meta property=\"og:title\" content=\"sulla via di La Paz - NarcisoUnimog\" \/>\n<meta property=\"og:description\" content=\"La strada per la capitale boliviana \u00e8 lunga. E&#8217; lampante il progresso del Paese e lo si nota dalla strada a due vie che stanno completando da Oruro a La Paz. Taglia a met\u00e0 villaggi che sino a ieri conoscevano solo polvere e sassi da calpestare per raggiungere altri villaggi di case dai tetti di &hellip;\" \/>\n<meta property=\"og:url\" content=\"https:\/\/narcisounimog.com\/index.php\/2014\/08\/18\/sulla-via-di-la-paz\/\" \/>\n<meta property=\"og:site_name\" content=\"NarcisoUnimog\" \/>\n<meta property=\"article:publisher\" content=\"https:\/\/www.facebook.com\/narciso.unimog\" \/>\n<meta property=\"article:published_time\" content=\"2014-08-18T16:27:00+00:00\" \/>\n<meta property=\"article:modified_time\" content=\"2024-05-05T16:17:01+00:00\" \/>\n<meta property=\"og:image\" content=\"https:\/\/narcisounimog.com\/wp-content\/uploads\/2014\/08\/lapaz.jpeg\" \/>\n\t<meta property=\"og:image:width\" content=\"800\" \/>\n\t<meta property=\"og:image:height\" content=\"450\" \/>\n\t<meta property=\"og:image:type\" content=\"image\/jpeg\" \/>\n<meta name=\"author\" content=\"Narcisounimog\" \/>\n<meta name=\"twitter:card\" content=\"summary_large_image\" \/>\n<meta name=\"twitter:label1\" content=\"Scritto da\" \/>\n\t<meta name=\"twitter:data1\" content=\"Narcisounimog\" \/>\n\t<meta name=\"twitter:label2\" content=\"Tempo di lettura stimato\" \/>\n\t<meta name=\"twitter:data2\" content=\"6 minuti\" \/>\n<script type=\"application\/ld+json\" class=\"yoast-schema-graph\">{\"@context\":\"https:\/\/schema.org\",\"@graph\":[{\"@type\":\"Article\",\"@id\":\"https:\/\/narcisounimog.com\/index.php\/2014\/08\/18\/sulla-via-di-la-paz\/#article\",\"isPartOf\":{\"@id\":\"https:\/\/narcisounimog.com\/index.php\/2014\/08\/18\/sulla-via-di-la-paz\/\"},\"author\":{\"name\":\"Narcisounimog\",\"@id\":\"https:\/\/narcisounimog.com\/#\/schema\/person\/24e34e3bd13f97558c9756e86696d39b\"},\"headline\":\"sulla via di La Paz\",\"datePublished\":\"2014-08-18T16:27:00+00:00\",\"dateModified\":\"2024-05-05T16:17:01+00:00\",\"mainEntityOfPage\":{\"@id\":\"https:\/\/narcisounimog.com\/index.php\/2014\/08\/18\/sulla-via-di-la-paz\/\"},\"wordCount\":833,\"commentCount\":0,\"publisher\":{\"@id\":\"https:\/\/narcisounimog.com\/#organization\"},\"image\":{\"@id\":\"https:\/\/narcisounimog.com\/index.php\/2014\/08\/18\/sulla-via-di-la-paz\/#primaryimage\"},\"thumbnailUrl\":\"https:\/\/narcisounimog.com\/wp-content\/uploads\/2014\/08\/lapaz.jpeg\",\"articleSection\":[\"America\"],\"inLanguage\":\"it-IT\"},{\"@type\":\"WebPage\",\"@id\":\"https:\/\/narcisounimog.com\/index.php\/2014\/08\/18\/sulla-via-di-la-paz\/\",\"url\":\"https:\/\/narcisounimog.com\/index.php\/2014\/08\/18\/sulla-via-di-la-paz\/\",\"name\":\"sulla via di La Paz - NarcisoUnimog\",\"isPartOf\":{\"@id\":\"https:\/\/narcisounimog.com\/#website\"},\"primaryImageOfPage\":{\"@id\":\"https:\/\/narcisounimog.com\/index.php\/2014\/08\/18\/sulla-via-di-la-paz\/#primaryimage\"},\"image\":{\"@id\":\"https:\/\/narcisounimog.com\/index.php\/2014\/08\/18\/sulla-via-di-la-paz\/#primaryimage\"},\"thumbnailUrl\":\"https:\/\/narcisounimog.com\/wp-content\/uploads\/2014\/08\/lapaz.jpeg\",\"datePublished\":\"2014-08-18T16:27:00+00:00\",\"dateModified\":\"2024-05-05T16:17:01+00:00\",\"breadcrumb\":{\"@id\":\"https:\/\/narcisounimog.com\/index.php\/2014\/08\/18\/sulla-via-di-la-paz\/#breadcrumb\"},\"inLanguage\":\"it-IT\",\"potentialAction\":[{\"@type\":\"ReadAction\",\"target\":[\"https:\/\/narcisounimog.com\/index.php\/2014\/08\/18\/sulla-via-di-la-paz\/\"]}]},{\"@type\":\"ImageObject\",\"inLanguage\":\"it-IT\",\"@id\":\"https:\/\/narcisounimog.com\/index.php\/2014\/08\/18\/sulla-via-di-la-paz\/#primaryimage\",\"url\":\"https:\/\/narcisounimog.com\/wp-content\/uploads\/2014\/08\/lapaz.jpeg\",\"contentUrl\":\"https:\/\/narcisounimog.com\/wp-content\/uploads\/2014\/08\/lapaz.jpeg\",\"width\":800,\"height\":450},{\"@type\":\"BreadcrumbList\",\"@id\":\"https:\/\/narcisounimog.com\/index.php\/2014\/08\/18\/sulla-via-di-la-paz\/#breadcrumb\",\"itemListElement\":[{\"@type\":\"ListItem\",\"position\":1,\"name\":\"Home\",\"item\":\"https:\/\/narcisounimog.com\/\"},{\"@type\":\"ListItem\",\"position\":2,\"name\":\"sulla via di La Paz\"}]},{\"@type\":\"WebSite\",\"@id\":\"https:\/\/narcisounimog.com\/#website\",\"url\":\"https:\/\/narcisounimog.com\/\",\"name\":\"NarcisoUnimog\",\"description\":\"Libera il tuo Tempo\",\"publisher\":{\"@id\":\"https:\/\/narcisounimog.com\/#organization\"},\"potentialAction\":[{\"@type\":\"SearchAction\",\"target\":{\"@type\":\"EntryPoint\",\"urlTemplate\":\"https:\/\/narcisounimog.com\/?s={search_term_string}\"},\"query-input\":\"required name=search_term_string\"}],\"inLanguage\":\"it-IT\"},{\"@type\":\"Organization\",\"@id\":\"https:\/\/narcisounimog.com\/#organization\",\"name\":\"NarcisoUnimog\",\"url\":\"https:\/\/narcisounimog.com\/\",\"logo\":{\"@type\":\"ImageObject\",\"inLanguage\":\"it-IT\",\"@id\":\"https:\/\/narcisounimog.com\/#\/schema\/logo\/image\/\",\"url\":\"https:\/\/narcisounimog.com\/wp-content\/uploads\/2024\/04\/0DA3B472-DE8A-4568-9E89-08DAF7AAC82E.jpeg\",\"contentUrl\":\"https:\/\/narcisounimog.com\/wp-content\/uploads\/2024\/04\/0DA3B472-DE8A-4568-9E89-08DAF7AAC82E.jpeg\",\"width\":1600,\"height\":567,\"caption\":\"NarcisoUnimog\"},\"image\":{\"@id\":\"https:\/\/narcisounimog.com\/#\/schema\/logo\/image\/\"},\"sameAs\":[\"https:\/\/www.facebook.com\/narciso.unimog\"]},{\"@type\":\"Person\",\"@id\":\"https:\/\/narcisounimog.com\/#\/schema\/person\/24e34e3bd13f97558c9756e86696d39b\",\"name\":\"Narcisounimog\",\"image\":{\"@type\":\"ImageObject\",\"inLanguage\":\"it-IT\",\"@id\":\"https:\/\/narcisounimog.com\/#\/schema\/person\/image\/\",\"url\":\"https:\/\/secure.gravatar.com\/avatar\/?s=96&d=mm&r=g\",\"contentUrl\":\"https:\/\/secure.gravatar.com\/avatar\/?s=96&d=mm&r=g\",\"caption\":\"Narcisounimog\"},\"url\":\"https:\/\/narcisounimog.com\/index.php\/author\/narcisounimog\/\"}]}<\/script>\n<!-- \/ Yoast SEO plugin. -->","yoast_head_json":{"title":"sulla via di La Paz - NarcisoUnimog","robots":{"index":"index","follow":"follow","max-snippet":"max-snippet:-1","max-image-preview":"max-image-preview:large","max-video-preview":"max-video-preview:-1"},"canonical":"https:\/\/narcisounimog.com\/index.php\/2014\/08\/18\/sulla-via-di-la-paz\/","og_locale":"it_IT","og_type":"article","og_title":"sulla via di La Paz - NarcisoUnimog","og_description":"La strada per la capitale boliviana \u00e8 lunga. E&#8217; lampante il progresso del Paese e lo si nota dalla strada a due vie che stanno completando da Oruro a La Paz. Taglia a met\u00e0 villaggi che sino a ieri conoscevano solo polvere e sassi da calpestare per raggiungere altri villaggi di case dai tetti di &hellip;","og_url":"https:\/\/narcisounimog.com\/index.php\/2014\/08\/18\/sulla-via-di-la-paz\/","og_site_name":"NarcisoUnimog","article_publisher":"https:\/\/www.facebook.com\/narciso.unimog","article_published_time":"2014-08-18T16:27:00+00:00","article_modified_time":"2024-05-05T16:17:01+00:00","og_image":[{"width":800,"height":450,"url":"https:\/\/narcisounimog.com\/wp-content\/uploads\/2014\/08\/lapaz.jpeg","type":"image\/jpeg"}],"author":"Narcisounimog","twitter_card":"summary_large_image","twitter_misc":{"Scritto da":"Narcisounimog","Tempo di lettura stimato":"6 minuti"},"schema":{"@context":"https:\/\/schema.org","@graph":[{"@type":"Article","@id":"https:\/\/narcisounimog.com\/index.php\/2014\/08\/18\/sulla-via-di-la-paz\/#article","isPartOf":{"@id":"https:\/\/narcisounimog.com\/index.php\/2014\/08\/18\/sulla-via-di-la-paz\/"},"author":{"name":"Narcisounimog","@id":"https:\/\/narcisounimog.com\/#\/schema\/person\/24e34e3bd13f97558c9756e86696d39b"},"headline":"sulla via di La Paz","datePublished":"2014-08-18T16:27:00+00:00","dateModified":"2024-05-05T16:17:01+00:00","mainEntityOfPage":{"@id":"https:\/\/narcisounimog.com\/index.php\/2014\/08\/18\/sulla-via-di-la-paz\/"},"wordCount":833,"commentCount":0,"publisher":{"@id":"https:\/\/narcisounimog.com\/#organization"},"image":{"@id":"https:\/\/narcisounimog.com\/index.php\/2014\/08\/18\/sulla-via-di-la-paz\/#primaryimage"},"thumbnailUrl":"https:\/\/narcisounimog.com\/wp-content\/uploads\/2014\/08\/lapaz.jpeg","articleSection":["America"],"inLanguage":"it-IT"},{"@type":"WebPage","@id":"https:\/\/narcisounimog.com\/index.php\/2014\/08\/18\/sulla-via-di-la-paz\/","url":"https:\/\/narcisounimog.com\/index.php\/2014\/08\/18\/sulla-via-di-la-paz\/","name":"sulla via di La Paz - NarcisoUnimog","isPartOf":{"@id":"https:\/\/narcisounimog.com\/#website"},"primaryImageOfPage":{"@id":"https:\/\/narcisounimog.com\/index.php\/2014\/08\/18\/sulla-via-di-la-paz\/#primaryimage"},"image":{"@id":"https:\/\/narcisounimog.com\/index.php\/2014\/08\/18\/sulla-via-di-la-paz\/#primaryimage"},"thumbnailUrl":"https:\/\/narcisounimog.com\/wp-content\/uploads\/2014\/08\/lapaz.jpeg","datePublished":"2014-08-18T16:27:00+00:00","dateModified":"2024-05-05T16:17:01+00:00","breadcrumb":{"@id":"https:\/\/narcisounimog.com\/index.php\/2014\/08\/18\/sulla-via-di-la-paz\/#breadcrumb"},"inLanguage":"it-IT","potentialAction":[{"@type":"ReadAction","target":["https:\/\/narcisounimog.com\/index.php\/2014\/08\/18\/sulla-via-di-la-paz\/"]}]},{"@type":"ImageObject","inLanguage":"it-IT","@id":"https:\/\/narcisounimog.com\/index.php\/2014\/08\/18\/sulla-via-di-la-paz\/#primaryimage","url":"https:\/\/narcisounimog.com\/wp-content\/uploads\/2014\/08\/lapaz.jpeg","contentUrl":"https:\/\/narcisounimog.com\/wp-content\/uploads\/2014\/08\/lapaz.jpeg","width":800,"height":450},{"@type":"BreadcrumbList","@id":"https:\/\/narcisounimog.com\/index.php\/2014\/08\/18\/sulla-via-di-la-paz\/#breadcrumb","itemListElement":[{"@type":"ListItem","position":1,"name":"Home","item":"https:\/\/narcisounimog.com\/"},{"@type":"ListItem","position":2,"name":"sulla via di La Paz"}]},{"@type":"WebSite","@id":"https:\/\/narcisounimog.com\/#website","url":"https:\/\/narcisounimog.com\/","name":"NarcisoUnimog","description":"Libera il tuo Tempo","publisher":{"@id":"https:\/\/narcisounimog.com\/#organization"},"potentialAction":[{"@type":"SearchAction","target":{"@type":"EntryPoint","urlTemplate":"https:\/\/narcisounimog.com\/?s={search_term_string}"},"query-input":"required name=search_term_string"}],"inLanguage":"it-IT"},{"@type":"Organization","@id":"https:\/\/narcisounimog.com\/#organization","name":"NarcisoUnimog","url":"https:\/\/narcisounimog.com\/","logo":{"@type":"ImageObject","inLanguage":"it-IT","@id":"https:\/\/narcisounimog.com\/#\/schema\/logo\/image\/","url":"https:\/\/narcisounimog.com\/wp-content\/uploads\/2024\/04\/0DA3B472-DE8A-4568-9E89-08DAF7AAC82E.jpeg","contentUrl":"https:\/\/narcisounimog.com\/wp-content\/uploads\/2024\/04\/0DA3B472-DE8A-4568-9E89-08DAF7AAC82E.jpeg","width":1600,"height":567,"caption":"NarcisoUnimog"},"image":{"@id":"https:\/\/narcisounimog.com\/#\/schema\/logo\/image\/"},"sameAs":["https:\/\/www.facebook.com\/narciso.unimog"]},{"@type":"Person","@id":"https:\/\/narcisounimog.com\/#\/schema\/person\/24e34e3bd13f97558c9756e86696d39b","name":"Narcisounimog","image":{"@type":"ImageObject","inLanguage":"it-IT","@id":"https:\/\/narcisounimog.com\/#\/schema\/person\/image\/","url":"https:\/\/secure.gravatar.com\/avatar\/?s=96&d=mm&r=g","contentUrl":"https:\/\/secure.gravatar.com\/avatar\/?s=96&d=mm&r=g","caption":"Narcisounimog"},"url":"https:\/\/narcisounimog.com\/index.php\/author\/narcisounimog\/"}]}},"_links":{"self":[{"href":"https:\/\/narcisounimog.com\/index.php\/wp-json\/wp\/v2\/posts\/151","targetHints":{"allow":["GET"]}}],"collection":[{"href":"https:\/\/narcisounimog.com\/index.php\/wp-json\/wp\/v2\/posts"}],"about":[{"href":"https:\/\/narcisounimog.com\/index.php\/wp-json\/wp\/v2\/types\/post"}],"author":[{"embeddable":true,"href":"https:\/\/narcisounimog.com\/index.php\/wp-json\/wp\/v2\/users\/2"}],"replies":[{"embeddable":true,"href":"https:\/\/narcisounimog.com\/index.php\/wp-json\/wp\/v2\/comments?post=151"}],"version-history":[{"count":1,"href":"https:\/\/narcisounimog.com\/index.php\/wp-json\/wp\/v2\/posts\/151\/revisions"}],"predecessor-version":[{"id":823,"href":"https:\/\/narcisounimog.com\/index.php\/wp-json\/wp\/v2\/posts\/151\/revisions\/823"}],"wp:featuredmedia":[{"embeddable":true,"href":"https:\/\/narcisounimog.com\/index.php\/wp-json\/wp\/v2\/media\/822"}],"wp:attachment":[{"href":"https:\/\/narcisounimog.com\/index.php\/wp-json\/wp\/v2\/media?parent=151"}],"wp:term":[{"taxonomy":"category","embeddable":true,"href":"https:\/\/narcisounimog.com\/index.php\/wp-json\/wp\/v2\/categories?post=151"},{"taxonomy":"post_tag","embeddable":true,"href":"https:\/\/narcisounimog.com\/index.php\/wp-json\/wp\/v2\/tags?post=151"}],"curies":[{"name":"wp","href":"https:\/\/api.w.org\/{rel}","templated":true}]}}