{"id":978,"date":"2025-02-15T19:39:07","date_gmt":"2025-02-15T19:39:07","guid":{"rendered":"https:\/\/narcisounimog.com\/?p=978"},"modified":"2025-02-15T19:39:08","modified_gmt":"2025-02-15T19:39:08","slug":"bosnia-ed-erzegovina-sarajevo","status":"publish","type":"post","link":"https:\/\/narcisounimog.com\/index.php\/2025\/02\/15\/bosnia-ed-erzegovina-sarajevo\/","title":{"rendered":"Bosnia ed Erzegovina -Sarajevo"},"content":{"rendered":"\n<p>A pochi chilometri dai laghi, giungiamo alla frontiera con Bosnia-Erzegovina che ci accoglie con uno spiraglio di sole pomeridiano, tra le morbide curve di un territorio collinoso e bucolico. La mattina del 24 gennaio ci dirigiamo verso altre cascate, quelle di Pliva proprio all&#8217;ingresso del paese Jajce, ma non prima di visitare un parco acquatico naturale nelle sue vicinanze. La sera appagati dalla vista di tanta natura, ci addentriamo nella citt\u00e0 di Sarajevo, ancora deturpata dalle cicatrici procurate dalla guerra dei primi anni &#8217;90. Ci parcheggiamo ignari proprio ai piedi di palazzi scalfiti dai colpi di armi da fuoco. <\/p>\n\n\n\n<figure class=\"wp-block-image size-large\"><img loading=\"lazy\" decoding=\"async\" width=\"1024\" height=\"768\" src=\"https:\/\/narcisounimog.com\/wp-content\/uploads\/2025\/02\/Narci-sarayevo-1024x768.jpg\" alt=\"\" class=\"wp-image-1008\" srcset=\"https:\/\/narcisounimog.com\/wp-content\/uploads\/2025\/02\/Narci-sarayevo-1024x768.jpg 1024w, https:\/\/narcisounimog.com\/wp-content\/uploads\/2025\/02\/Narci-sarayevo-300x225.jpg 300w, https:\/\/narcisounimog.com\/wp-content\/uploads\/2025\/02\/Narci-sarayevo-768x576.jpg 768w, https:\/\/narcisounimog.com\/wp-content\/uploads\/2025\/02\/Narci-sarayevo-1536x1152.jpg 1536w, https:\/\/narcisounimog.com\/wp-content\/uploads\/2025\/02\/Narci-sarayevo-80x60.jpg 80w, https:\/\/narcisounimog.com\/wp-content\/uploads\/2025\/02\/Narci-sarayevo.jpg 2048w\" sizes=\"auto, (max-width: 1024px) 100vw, 1024px\" \/><\/figure>\n\n\n\n<p><a href=\"https:\/\/youtu.be\/Hk3h-EoSBzw?si=OcoOOpmR4l5SIiIS\">L&#8217;indomani mattina ci dedicheremo alla visita della capitale non prima di aver visitato il Tunnel Spasa, 800 metri<\/a> di testimonianza di come i locali siano stati in grado di sopravvivere alla guerra, unendosi con la citt\u00e0, attraverso questo percorso sotterraneo, oggi visitabile solo per poco pi\u00f9 di 100 metri. Alle pareti, le foto dell&#8217;epoca che ritraggono scene di vita quotidiana , nonostante gli scoppi di granate ed i bombardamenti. Arriviamo in centro, senza non poche difficolt\u00e0 per parcheggiare Narciso e ci ritroviamo subito all&#8217;interno del quartiere turco, Bascarsija, tra le viuzze lastricate, tra i colori e gli odori tipici della cucina speziata, tra molteplici negozi, segno distintivo della funzione di mercato per cui era sorto nel 1400, ad assaggiare una dolcissima e ipercalorica &#8220;baklava&#8221;. Dal minareto accanto di una delle numerose moschee presenti, risuona alto il richiamo del muezzin. Il museo del genocidio ci riporta al dramma vissuto dal 1991 al 1995 da questo popolo che nonostante tutto, constatiamo essersi risollevati in fretta , con dignit\u00e0, visto lo sviluppo della citt\u00e0 e dei suoi dintorni. La luce \u00e8 ancora alta e decidiamo cos\u00ec di procedere verso Mostar, altra citt\u00e0 saccheggiata al tempo, dalla guerra. \u00c8 pomeriggio inoltrato e ci\u00f2 ci consente di visitare la citt\u00e0 vecchia all&#8217;imbrunire, quando pian piano si accende come un presepe, tra un dedalo di stradine acciottolate su cui si affacciano innumerevoli botteghe ,chiuse da imposte di legno , libera da orde di turisti, dato il periodo di bassa stagione. <\/p>\n\n\n\n<figure class=\"wp-block-image size-large\"><img loading=\"lazy\" decoding=\"async\" width=\"768\" height=\"1024\" src=\"https:\/\/narcisounimog.com\/wp-content\/uploads\/2025\/02\/Stari-Most-768x1024.jpg\" alt=\"\" class=\"wp-image-1009\" srcset=\"https:\/\/narcisounimog.com\/wp-content\/uploads\/2025\/02\/Stari-Most-768x1024.jpg 768w, https:\/\/narcisounimog.com\/wp-content\/uploads\/2025\/02\/Stari-Most-225x300.jpg 225w, https:\/\/narcisounimog.com\/wp-content\/uploads\/2025\/02\/Stari-Most-1152x1536.jpg 1152w, https:\/\/narcisounimog.com\/wp-content\/uploads\/2025\/02\/Stari-Most-45x60.jpg 45w, https:\/\/narcisounimog.com\/wp-content\/uploads\/2025\/02\/Stari-Most.jpg 1200w\" sizes=\"auto, (max-width: 768px) 100vw, 768px\" \/><\/figure>\n\n\n\n<p>Lo &#8220;Stari Most&#8221; , il ponte vecchio, simbolo della citt\u00e0, si staglia ad unico arco illuminato sul Neretva che scorre al di sotto. Distrutto a cannonate durante gli scontri, \u00e8 stato interamente ricostruito nei primi anni 2000, per ricollegare le due sponde di questo splendido borgo medievale, con chiare influenze turche. In cima al colle si erge il minareto della moschea Kaski Mehmed Pasha.<\/p>\n","protected":false},"excerpt":{"rendered":"<p>A pochi chilometri dai laghi, giungiamo alla frontiera con Bosnia-Erzegovina che ci accoglie con uno spiraglio di sole pomeridiano, tra le morbide curve di un territorio collinoso e bucolico. La mattina del 24 gennaio ci dirigiamo verso altre cascate, quelle di Pliva proprio all&#8217;ingresso del paese Jajce, ma non prima di visitare un parco acquatico &hellip; <\/p>\n","protected":false},"author":1,"featured_media":1010,"comment_status":"closed","ping_status":"closed","sticky":false,"template":"","format":"standard","meta":{"footnotes":""},"categories":[8],"tags":[],"class_list":["post-978","post","type-post","status-publish","format-standard","has-post-thumbnail","hentry","category-asia"],"yoast_head":"<!-- This site is optimized with the Yoast SEO plugin v22.5 - https:\/\/yoast.com\/wordpress\/plugins\/seo\/ -->\n<title>Bosnia ed Erzegovina -Sarajevo - NarcisoUnimog<\/title>\n<meta name=\"robots\" content=\"index, follow, max-snippet:-1, max-image-preview:large, max-video-preview:-1\" \/>\n<link rel=\"canonical\" href=\"https:\/\/narcisounimog.com\/index.php\/2025\/02\/15\/bosnia-ed-erzegovina-sarajevo\/\" \/>\n<meta property=\"og:locale\" content=\"it_IT\" \/>\n<meta property=\"og:type\" content=\"article\" \/>\n<meta property=\"og:title\" content=\"Bosnia ed Erzegovina -Sarajevo - NarcisoUnimog\" \/>\n<meta property=\"og:description\" content=\"A pochi chilometri dai laghi, giungiamo alla frontiera con Bosnia-Erzegovina che ci accoglie con uno spiraglio di sole pomeridiano, tra le morbide curve di un territorio collinoso e bucolico. La mattina del 24 gennaio ci dirigiamo verso altre cascate, quelle di Pliva proprio all&#8217;ingresso del paese Jajce, ma non prima di visitare un parco acquatico &hellip;\" \/>\n<meta property=\"og:url\" content=\"https:\/\/narcisounimog.com\/index.php\/2025\/02\/15\/bosnia-ed-erzegovina-sarajevo\/\" \/>\n<meta property=\"og:site_name\" content=\"NarcisoUnimog\" \/>\n<meta property=\"article:publisher\" content=\"https:\/\/www.facebook.com\/narciso.unimog\" \/>\n<meta property=\"article:author\" content=\"https:\/\/www.facebook.com\/narciso.unimog\" \/>\n<meta property=\"article:published_time\" content=\"2025-02-15T19:39:07+00:00\" \/>\n<meta property=\"article:modified_time\" content=\"2025-02-15T19:39:08+00:00\" \/>\n<meta property=\"og:image\" content=\"https:\/\/narcisounimog.com\/wp-content\/uploads\/2025\/02\/Gatti-sarsjevo.jpg\" \/>\n\t<meta property=\"og:image:width\" content=\"1200\" \/>\n\t<meta property=\"og:image:height\" content=\"1600\" \/>\n\t<meta property=\"og:image:type\" content=\"image\/jpeg\" \/>\n<meta name=\"author\" content=\"admin\" \/>\n<meta name=\"twitter:card\" content=\"summary_large_image\" \/>\n<meta name=\"twitter:label1\" content=\"Scritto da\" \/>\n\t<meta name=\"twitter:data1\" content=\"admin\" \/>\n\t<meta name=\"twitter:label2\" content=\"Tempo di lettura stimato\" \/>\n\t<meta name=\"twitter:data2\" content=\"3 minuti\" \/>\n<script type=\"application\/ld+json\" class=\"yoast-schema-graph\">{\"@context\":\"https:\/\/schema.org\",\"@graph\":[{\"@type\":\"Article\",\"@id\":\"https:\/\/narcisounimog.com\/index.php\/2025\/02\/15\/bosnia-ed-erzegovina-sarajevo\/#article\",\"isPartOf\":{\"@id\":\"https:\/\/narcisounimog.com\/index.php\/2025\/02\/15\/bosnia-ed-erzegovina-sarajevo\/\"},\"author\":{\"name\":\"admin\",\"@id\":\"https:\/\/narcisounimog.com\/#\/schema\/person\/1402da9f3f7c57b432bd40afcfc4d0f6\"},\"headline\":\"Bosnia ed Erzegovina -Sarajevo\",\"datePublished\":\"2025-02-15T19:39:07+00:00\",\"dateModified\":\"2025-02-15T19:39:08+00:00\",\"mainEntityOfPage\":{\"@id\":\"https:\/\/narcisounimog.com\/index.php\/2025\/02\/15\/bosnia-ed-erzegovina-sarajevo\/\"},\"wordCount\":401,\"publisher\":{\"@id\":\"https:\/\/narcisounimog.com\/#organization\"},\"image\":{\"@id\":\"https:\/\/narcisounimog.com\/index.php\/2025\/02\/15\/bosnia-ed-erzegovina-sarajevo\/#primaryimage\"},\"thumbnailUrl\":\"https:\/\/narcisounimog.com\/wp-content\/uploads\/2025\/02\/Gatti-sarsjevo.jpg\",\"articleSection\":[\"Asia\"],\"inLanguage\":\"it-IT\"},{\"@type\":\"WebPage\",\"@id\":\"https:\/\/narcisounimog.com\/index.php\/2025\/02\/15\/bosnia-ed-erzegovina-sarajevo\/\",\"url\":\"https:\/\/narcisounimog.com\/index.php\/2025\/02\/15\/bosnia-ed-erzegovina-sarajevo\/\",\"name\":\"Bosnia ed Erzegovina -Sarajevo - NarcisoUnimog\",\"isPartOf\":{\"@id\":\"https:\/\/narcisounimog.com\/#website\"},\"primaryImageOfPage\":{\"@id\":\"https:\/\/narcisounimog.com\/index.php\/2025\/02\/15\/bosnia-ed-erzegovina-sarajevo\/#primaryimage\"},\"image\":{\"@id\":\"https:\/\/narcisounimog.com\/index.php\/2025\/02\/15\/bosnia-ed-erzegovina-sarajevo\/#primaryimage\"},\"thumbnailUrl\":\"https:\/\/narcisounimog.com\/wp-content\/uploads\/2025\/02\/Gatti-sarsjevo.jpg\",\"datePublished\":\"2025-02-15T19:39:07+00:00\",\"dateModified\":\"2025-02-15T19:39:08+00:00\",\"breadcrumb\":{\"@id\":\"https:\/\/narcisounimog.com\/index.php\/2025\/02\/15\/bosnia-ed-erzegovina-sarajevo\/#breadcrumb\"},\"inLanguage\":\"it-IT\",\"potentialAction\":[{\"@type\":\"ReadAction\",\"target\":[\"https:\/\/narcisounimog.com\/index.php\/2025\/02\/15\/bosnia-ed-erzegovina-sarajevo\/\"]}]},{\"@type\":\"ImageObject\",\"inLanguage\":\"it-IT\",\"@id\":\"https:\/\/narcisounimog.com\/index.php\/2025\/02\/15\/bosnia-ed-erzegovina-sarajevo\/#primaryimage\",\"url\":\"https:\/\/narcisounimog.com\/wp-content\/uploads\/2025\/02\/Gatti-sarsjevo.jpg\",\"contentUrl\":\"https:\/\/narcisounimog.com\/wp-content\/uploads\/2025\/02\/Gatti-sarsjevo.jpg\",\"width\":1200,\"height\":1600},{\"@type\":\"BreadcrumbList\",\"@id\":\"https:\/\/narcisounimog.com\/index.php\/2025\/02\/15\/bosnia-ed-erzegovina-sarajevo\/#breadcrumb\",\"itemListElement\":[{\"@type\":\"ListItem\",\"position\":1,\"name\":\"Home\",\"item\":\"https:\/\/narcisounimog.com\/\"},{\"@type\":\"ListItem\",\"position\":2,\"name\":\"Bosnia ed Erzegovina -Sarajevo\"}]},{\"@type\":\"WebSite\",\"@id\":\"https:\/\/narcisounimog.com\/#website\",\"url\":\"https:\/\/narcisounimog.com\/\",\"name\":\"NarcisoUnimog\",\"description\":\"Libera il tuo Tempo\",\"publisher\":{\"@id\":\"https:\/\/narcisounimog.com\/#organization\"},\"potentialAction\":[{\"@type\":\"SearchAction\",\"target\":{\"@type\":\"EntryPoint\",\"urlTemplate\":\"https:\/\/narcisounimog.com\/?s={search_term_string}\"},\"query-input\":\"required name=search_term_string\"}],\"inLanguage\":\"it-IT\"},{\"@type\":\"Organization\",\"@id\":\"https:\/\/narcisounimog.com\/#organization\",\"name\":\"NarcisoUnimog\",\"url\":\"https:\/\/narcisounimog.com\/\",\"logo\":{\"@type\":\"ImageObject\",\"inLanguage\":\"it-IT\",\"@id\":\"https:\/\/narcisounimog.com\/#\/schema\/logo\/image\/\",\"url\":\"https:\/\/narcisounimog.com\/wp-content\/uploads\/2024\/04\/0DA3B472-DE8A-4568-9E89-08DAF7AAC82E.jpeg\",\"contentUrl\":\"https:\/\/narcisounimog.com\/wp-content\/uploads\/2024\/04\/0DA3B472-DE8A-4568-9E89-08DAF7AAC82E.jpeg\",\"width\":1600,\"height\":567,\"caption\":\"NarcisoUnimog\"},\"image\":{\"@id\":\"https:\/\/narcisounimog.com\/#\/schema\/logo\/image\/\"},\"sameAs\":[\"https:\/\/www.facebook.com\/narciso.unimog\"]},{\"@type\":\"Person\",\"@id\":\"https:\/\/narcisounimog.com\/#\/schema\/person\/1402da9f3f7c57b432bd40afcfc4d0f6\",\"name\":\"admin\",\"image\":{\"@type\":\"ImageObject\",\"inLanguage\":\"it-IT\",\"@id\":\"https:\/\/narcisounimog.com\/#\/schema\/person\/image\/\",\"url\":\"https:\/\/secure.gravatar.com\/avatar\/ee7a282949a549158d8837d61237ba600d64dc12fce099a15a35fa3e58c9d0d6?s=96&d=mm&r=g\",\"contentUrl\":\"https:\/\/secure.gravatar.com\/avatar\/ee7a282949a549158d8837d61237ba600d64dc12fce099a15a35fa3e58c9d0d6?s=96&d=mm&r=g\",\"caption\":\"admin\"},\"sameAs\":[\"https:\/\/narcisounimog.com\",\"https:\/\/www.facebook.com\/narciso.unimog\",\"@narcisounimog\",\"https:\/\/youtube.com\/Narcisounimog\"],\"url\":\"https:\/\/narcisounimog.com\/index.php\/author\/narcisounimog_nec2k0an\/\"}]}<\/script>\n<!-- \/ Yoast SEO plugin. -->","yoast_head_json":{"title":"Bosnia ed Erzegovina -Sarajevo - NarcisoUnimog","robots":{"index":"index","follow":"follow","max-snippet":"max-snippet:-1","max-image-preview":"max-image-preview:large","max-video-preview":"max-video-preview:-1"},"canonical":"https:\/\/narcisounimog.com\/index.php\/2025\/02\/15\/bosnia-ed-erzegovina-sarajevo\/","og_locale":"it_IT","og_type":"article","og_title":"Bosnia ed Erzegovina -Sarajevo - NarcisoUnimog","og_description":"A pochi chilometri dai laghi, giungiamo alla frontiera con Bosnia-Erzegovina che ci accoglie con uno spiraglio di sole pomeridiano, tra le morbide curve di un territorio collinoso e bucolico. La mattina del 24 gennaio ci dirigiamo verso altre cascate, quelle di Pliva proprio all&#8217;ingresso del paese Jajce, ma non prima di visitare un parco acquatico &hellip;","og_url":"https:\/\/narcisounimog.com\/index.php\/2025\/02\/15\/bosnia-ed-erzegovina-sarajevo\/","og_site_name":"NarcisoUnimog","article_publisher":"https:\/\/www.facebook.com\/narciso.unimog","article_author":"https:\/\/www.facebook.com\/narciso.unimog","article_published_time":"2025-02-15T19:39:07+00:00","article_modified_time":"2025-02-15T19:39:08+00:00","og_image":[{"width":1200,"height":1600,"url":"https:\/\/narcisounimog.com\/wp-content\/uploads\/2025\/02\/Gatti-sarsjevo.jpg","type":"image\/jpeg"}],"author":"admin","twitter_card":"summary_large_image","twitter_misc":{"Scritto da":"admin","Tempo di lettura stimato":"3 minuti"},"schema":{"@context":"https:\/\/schema.org","@graph":[{"@type":"Article","@id":"https:\/\/narcisounimog.com\/index.php\/2025\/02\/15\/bosnia-ed-erzegovina-sarajevo\/#article","isPartOf":{"@id":"https:\/\/narcisounimog.com\/index.php\/2025\/02\/15\/bosnia-ed-erzegovina-sarajevo\/"},"author":{"name":"admin","@id":"https:\/\/narcisounimog.com\/#\/schema\/person\/1402da9f3f7c57b432bd40afcfc4d0f6"},"headline":"Bosnia ed Erzegovina -Sarajevo","datePublished":"2025-02-15T19:39:07+00:00","dateModified":"2025-02-15T19:39:08+00:00","mainEntityOfPage":{"@id":"https:\/\/narcisounimog.com\/index.php\/2025\/02\/15\/bosnia-ed-erzegovina-sarajevo\/"},"wordCount":401,"publisher":{"@id":"https:\/\/narcisounimog.com\/#organization"},"image":{"@id":"https:\/\/narcisounimog.com\/index.php\/2025\/02\/15\/bosnia-ed-erzegovina-sarajevo\/#primaryimage"},"thumbnailUrl":"https:\/\/narcisounimog.com\/wp-content\/uploads\/2025\/02\/Gatti-sarsjevo.jpg","articleSection":["Asia"],"inLanguage":"it-IT"},{"@type":"WebPage","@id":"https:\/\/narcisounimog.com\/index.php\/2025\/02\/15\/bosnia-ed-erzegovina-sarajevo\/","url":"https:\/\/narcisounimog.com\/index.php\/2025\/02\/15\/bosnia-ed-erzegovina-sarajevo\/","name":"Bosnia ed Erzegovina -Sarajevo - NarcisoUnimog","isPartOf":{"@id":"https:\/\/narcisounimog.com\/#website"},"primaryImageOfPage":{"@id":"https:\/\/narcisounimog.com\/index.php\/2025\/02\/15\/bosnia-ed-erzegovina-sarajevo\/#primaryimage"},"image":{"@id":"https:\/\/narcisounimog.com\/index.php\/2025\/02\/15\/bosnia-ed-erzegovina-sarajevo\/#primaryimage"},"thumbnailUrl":"https:\/\/narcisounimog.com\/wp-content\/uploads\/2025\/02\/Gatti-sarsjevo.jpg","datePublished":"2025-02-15T19:39:07+00:00","dateModified":"2025-02-15T19:39:08+00:00","breadcrumb":{"@id":"https:\/\/narcisounimog.com\/index.php\/2025\/02\/15\/bosnia-ed-erzegovina-sarajevo\/#breadcrumb"},"inLanguage":"it-IT","potentialAction":[{"@type":"ReadAction","target":["https:\/\/narcisounimog.com\/index.php\/2025\/02\/15\/bosnia-ed-erzegovina-sarajevo\/"]}]},{"@type":"ImageObject","inLanguage":"it-IT","@id":"https:\/\/narcisounimog.com\/index.php\/2025\/02\/15\/bosnia-ed-erzegovina-sarajevo\/#primaryimage","url":"https:\/\/narcisounimog.com\/wp-content\/uploads\/2025\/02\/Gatti-sarsjevo.jpg","contentUrl":"https:\/\/narcisounimog.com\/wp-content\/uploads\/2025\/02\/Gatti-sarsjevo.jpg","width":1200,"height":1600},{"@type":"BreadcrumbList","@id":"https:\/\/narcisounimog.com\/index.php\/2025\/02\/15\/bosnia-ed-erzegovina-sarajevo\/#breadcrumb","itemListElement":[{"@type":"ListItem","position":1,"name":"Home","item":"https:\/\/narcisounimog.com\/"},{"@type":"ListItem","position":2,"name":"Bosnia ed Erzegovina -Sarajevo"}]},{"@type":"WebSite","@id":"https:\/\/narcisounimog.com\/#website","url":"https:\/\/narcisounimog.com\/","name":"NarcisoUnimog","description":"Libera il tuo Tempo","publisher":{"@id":"https:\/\/narcisounimog.com\/#organization"},"potentialAction":[{"@type":"SearchAction","target":{"@type":"EntryPoint","urlTemplate":"https:\/\/narcisounimog.com\/?s={search_term_string}"},"query-input":"required name=search_term_string"}],"inLanguage":"it-IT"},{"@type":"Organization","@id":"https:\/\/narcisounimog.com\/#organization","name":"NarcisoUnimog","url":"https:\/\/narcisounimog.com\/","logo":{"@type":"ImageObject","inLanguage":"it-IT","@id":"https:\/\/narcisounimog.com\/#\/schema\/logo\/image\/","url":"https:\/\/narcisounimog.com\/wp-content\/uploads\/2024\/04\/0DA3B472-DE8A-4568-9E89-08DAF7AAC82E.jpeg","contentUrl":"https:\/\/narcisounimog.com\/wp-content\/uploads\/2024\/04\/0DA3B472-DE8A-4568-9E89-08DAF7AAC82E.jpeg","width":1600,"height":567,"caption":"NarcisoUnimog"},"image":{"@id":"https:\/\/narcisounimog.com\/#\/schema\/logo\/image\/"},"sameAs":["https:\/\/www.facebook.com\/narciso.unimog"]},{"@type":"Person","@id":"https:\/\/narcisounimog.com\/#\/schema\/person\/1402da9f3f7c57b432bd40afcfc4d0f6","name":"admin","image":{"@type":"ImageObject","inLanguage":"it-IT","@id":"https:\/\/narcisounimog.com\/#\/schema\/person\/image\/","url":"https:\/\/secure.gravatar.com\/avatar\/ee7a282949a549158d8837d61237ba600d64dc12fce099a15a35fa3e58c9d0d6?s=96&d=mm&r=g","contentUrl":"https:\/\/secure.gravatar.com\/avatar\/ee7a282949a549158d8837d61237ba600d64dc12fce099a15a35fa3e58c9d0d6?s=96&d=mm&r=g","caption":"admin"},"sameAs":["https:\/\/narcisounimog.com","https:\/\/www.facebook.com\/narciso.unimog","@narcisounimog","https:\/\/youtube.com\/Narcisounimog"],"url":"https:\/\/narcisounimog.com\/index.php\/author\/narcisounimog_nec2k0an\/"}]}},"_links":{"self":[{"href":"https:\/\/narcisounimog.com\/index.php\/wp-json\/wp\/v2\/posts\/978","targetHints":{"allow":["GET"]}}],"collection":[{"href":"https:\/\/narcisounimog.com\/index.php\/wp-json\/wp\/v2\/posts"}],"about":[{"href":"https:\/\/narcisounimog.com\/index.php\/wp-json\/wp\/v2\/types\/post"}],"author":[{"embeddable":true,"href":"https:\/\/narcisounimog.com\/index.php\/wp-json\/wp\/v2\/users\/1"}],"replies":[{"embeddable":true,"href":"https:\/\/narcisounimog.com\/index.php\/wp-json\/wp\/v2\/comments?post=978"}],"version-history":[{"count":3,"href":"https:\/\/narcisounimog.com\/index.php\/wp-json\/wp\/v2\/posts\/978\/revisions"}],"predecessor-version":[{"id":1011,"href":"https:\/\/narcisounimog.com\/index.php\/wp-json\/wp\/v2\/posts\/978\/revisions\/1011"}],"wp:featuredmedia":[{"embeddable":true,"href":"https:\/\/narcisounimog.com\/index.php\/wp-json\/wp\/v2\/media\/1010"}],"wp:attachment":[{"href":"https:\/\/narcisounimog.com\/index.php\/wp-json\/wp\/v2\/media?parent=978"}],"wp:term":[{"taxonomy":"category","embeddable":true,"href":"https:\/\/narcisounimog.com\/index.php\/wp-json\/wp\/v2\/categories?post=978"},{"taxonomy":"post_tag","embeddable":true,"href":"https:\/\/narcisounimog.com\/index.php\/wp-json\/wp\/v2\/tags?post=978"}],"curies":[{"name":"wp","href":"https:\/\/api.w.org\/{rel}","templated":true}]}}